{"id":1440,"date":"2009-07-01T20:24:50","date_gmt":"2009-07-01T18:24:50","guid":{"rendered":"http:\/\/www.feuerwehrkostheim.de\/?p=1440"},"modified":"2018-06-02T14:08:31","modified_gmt":"2018-06-02T13:08:31","slug":"blitzeinschlag-in-gartenhaus","status":"publish","type":"post","link":"https:\/\/www.feuerwehrkostheim.de\/?p=1440","title":{"rendered":"Blitzeinschlag in Gartenhaus"},"content":{"rendered":"<p><img loading=\"lazy\" decoding=\"async\" class=\"alignleft\" title=\"Einsatz-Logo\" alt=\"Einsatz-Logo\" src=\"http:\/\/www.feuerwehrkostheim.de\/wp-content\/bilder\/sonstige\/logo_einsatz.jpg\" width=\"100\" height=\"100\" \/><strong>01. Juli 2009 &#8211; 17:59 Uhr<\/strong><br \/>\n<strong>Oberer Sampelweg<\/strong><br \/>\nFF-Einheit<br \/>\nEinsatz &#8211; 2009<\/p>\n<p><a title=\"Blitzeinschlag in Gartenhaus - 01.07.09 von FF-Kostheim bei Flickr\" href=\"http:\/\/www.flickr.com\/photos\/ffkostheim\/3678424867\/\" target=\"_blank\" rel=\"http:\/\/www.flickr.com\/photos\/ffkostheim\/sets\/72157620680548451\/\"><img loading=\"lazy\" decoding=\"async\" class=\"alignleft\" style=\"margin: 4px;\" alt=\"Blitzeinschlag in Gartenhaus - 01.07.09\" src=\"http:\/\/farm3.static.flickr.com\/2579\/3678424867_e5280a321c_m.jpg\" width=\"180\" height=\"240\" \/><\/a> Etwa eine Stunde, nachdem ein Gewitter \u00fcber den Ort gezogen war, wurde die FF Kostheim zu einem Gartenhausbrand in den Oberen Sampelweg alarmiert. Ebenfalls in Marsch gesetzt wurden das Basis-LF und das GTLF der Feuerwache 2 aus Kastel.<\/p>\n<p>Der Besitzer des Gartens empfing die Einsatzkr\u00e4fte und f\u00fchrte sie zu dem Gartenhaus. Neben einem Brandgeruch wurde lediglich die zerst\u00f6rte Elektroinstallation des massiven Gartenhauses vorgefunden. Mit einer W\u00e4rmebildkamera wurde gr\u00fcndlich nach Brandnestern gesucht. Weiterhin wurde zu Vorsorge die ohnehin ausgel\u00f6sten Hauptsicherungen gezogen.<\/p>\n<p>Nach 20 Minuten war der Einsatz, zu dem 18 Kostheimer Wehrleute bereitstanden, beendet.<\/p>\n","protected":false},"excerpt":{"rendered":"<p>01. Juli 2009 &#8211; 17:59 Uhr Oberer Sampelweg FF-Einheit Einsatz &#8211; 2009 Etwa eine Stunde, nachdem ein Gewitter \u00fcber den Ort gezogen war, wurde die FF Kostheim zu einem Gartenhausbrand in den Oberen Sampelweg alarmiert. Ebenfalls in Marsch gesetzt wurden das Basis-LF und das GTLF der Feuerwache 2 aus Kastel. Der Besitzer des Gartens empfing [&hellip;]<\/p>\n","protected":false},"author":1,"featured_media":0,"comment_status":"closed","ping_status":"open","sticky":false,"template":"","format":"standard","meta":{"_et_pb_use_builder":"","_et_pb_old_content":"","_et_gb_content_width":"","_crdt_document":"","footnotes":""},"categories":[5],"tags":[596,178,324,597],"class_list":["post-1440","post","type-post","status-publish","format-standard","hentry","category-einsatze","tag-blitzeinschlag","tag-brandgeruch","tag-gartenhaus","tag-warmebildkamera"],"_links":{"self":[{"href":"https:\/\/www.feuerwehrkostheim.de\/index.php?rest_route=\/wp\/v2\/posts\/1440","targetHints":{"allow":["GET"]}}],"collection":[{"href":"https:\/\/www.feuerwehrkostheim.de\/index.php?rest_route=\/wp\/v2\/posts"}],"about":[{"href":"https:\/\/www.feuerwehrkostheim.de\/index.php?rest_route=\/wp\/v2\/types\/post"}],"author":[{"embeddable":true,"href":"https:\/\/www.feuerwehrkostheim.de\/index.php?rest_route=\/wp\/v2\/users\/1"}],"replies":[{"embeddable":true,"href":"https:\/\/www.feuerwehrkostheim.de\/index.php?rest_route=%2Fwp%2Fv2%2Fcomments&post=1440"}],"version-history":[{"count":0,"href":"https:\/\/www.feuerwehrkostheim.de\/index.php?rest_route=\/wp\/v2\/posts\/1440\/revisions"}],"wp:attachment":[{"href":"https:\/\/www.feuerwehrkostheim.de\/index.php?rest_route=%2Fwp%2Fv2%2Fmedia&parent=1440"}],"wp:term":[{"taxonomy":"category","embeddable":true,"href":"https:\/\/www.feuerwehrkostheim.de\/index.php?rest_route=%2Fwp%2Fv2%2Fcategories&post=1440"},{"taxonomy":"post_tag","embeddable":true,"href":"https:\/\/www.feuerwehrkostheim.de\/index.php?rest_route=%2Fwp%2Fv2%2Ftags&post=1440"}],"curies":[{"name":"wp","href":"https:\/\/api.w.org\/{rel}","templated":true}]}}