{"id":1435,"date":"2009-07-11T23:38:27","date_gmt":"2009-07-11T21:38:27","guid":{"rendered":"http:\/\/www.feuerwehrkostheim.de\/?p=1435"},"modified":"2018-06-02T14:08:31","modified_gmt":"2018-06-02T13:08:31","slug":"kinder-zundeln-kellerbrand-in-der-schulstrasse","status":"publish","type":"post","link":"https:\/\/www.feuerwehrkostheim.de\/?p=1435","title":{"rendered":"Kinder z\u00fcndeln \u2013 Kellerbrand in der Schulstrasse"},"content":{"rendered":"<p><a title=\"Kinder z\u00fcndeln - Kellerbrand in der Schulstrasse - 11.07.09 von FF-Kostheim bei Flickr\" href=\"http:\/\/www.flickr.com\/photos\/ffkostheim\/sets\/72157621302134715\/\" target=\"_blank\"><img loading=\"lazy\" decoding=\"async\" class=\"alignleft\" alt=\"Kinder z\u00fcndeln - Kellerbrand in der Schulstrasse - 11.07.09\" src=\"http:\/\/farm4.static.flickr.com\/3530\/3720110288_9f6fd8375d_m.jpg\" width=\"160\" height=\"240\" \/><\/a> Als die Einsatzkr\u00e4fte am Samstagmittag nach der Alarmierung vor Ort eintrafen, wurden Sie von einer v\u00f6llig aufgeregten Mutter in Empfang genommen. Ihre Kinder haben im Keller gez\u00fcndelt, aber eines konnte sich nicht mehr selbst ins Freie retten. Zu allem \u00dcbel steht auch noch eine Campinggasflasche in einem der Kellerr\u00e4ume.<\/p>\n<p>Umgehend wurde ein Trupp unter schwerem Atemschutz und einem Strahlrohr in den Keller beordert. Parallel zu den Rettungsma\u00dfnahmen r\u00fcstete sich ein weiterer Trupp mit Atemschutz als Sicherungstrupp aus und es wurde ein Schaumrohr in Stellung gebracht. Kurz darauf konnte der vermisste Sohn aus dem Gefahrenbereich gerettet werden. Er wurde vor Ort betreut und hatte lediglich einen Schock.<\/p>\n<p><a title=\"Kinder z\u00fcndeln - Kellerbrand in der Schulstrasse - 11.07.09 von FF-Kostheim bei Flickr\" href=\"http:\/\/www.flickr.com\/photos\/ffkostheim\/sets\/72157621302134715\/\" target=\"_blank\"><img loading=\"lazy\" decoding=\"async\" class=\"alignright\" alt=\"Kinder z\u00fcndeln - Kellerbrand in der Schulstrasse - 11.07.09\" src=\"http:\/\/farm3.static.flickr.com\/2497\/3720111422_f1fde0221d_m.jpg\" width=\"240\" height=\"160\" \/><\/a> Im weiteren Verlauf wurde die Gasflasche geborgen und mittels eines weiteren Strahlrohres etwas abseits der Einsatzstelle gek\u00fchlt. Nach den L\u00f6scharbeiten wurde noch der Brandraum mittels eines \u00dcberdurckl\u00fcfters von Rauch befreit und ein Lichtstativ zur Ausleuchtung aufgebaut.<\/p>\n<p><!--more--> Mehrere Schaulustige beobachteten das Geschehnis, bei dem es sich zum Gl\u00fcck nur um die Sommerabschluss\u00fcbung der Kostheimer Jugendfeuerwehr handelte. Auch die Nachwuchskr\u00e4fte zeigten, dass sie auf Gutem Weg sind, in naher Zukunft sich auch den Gefahren echter Eins\u00e4tze zu stellen. Nach einer Stunde waren alle Ger\u00e4tschaften wieder verladen und man machte sich auf den R\u00fcckweg ins Ger\u00e4tehaus, wo der schon traditionelle Partyabend mit \u00dcbernachtung stattfand. Dort wurde gegrillt und abends gemeinschaftlich \u00fcber die gro\u00dfe Leinwand verschiede Filme geschaut und diverse Videospiele gespielt.<\/p>\n<p><a title=\"Kinder z\u00fcndeln - Kellerbrand in der Schulstrasse - 11.07.09 von FF-Kostheim bei Flickr\" href=\"http:\/\/www.flickr.com\/photos\/ffkostheim\/sets\/72157621302134715\/\" target=\"_blank\"><img loading=\"lazy\" decoding=\"async\" class=\"alignleft\" alt=\"Kinder z\u00fcndeln - Kellerbrand in der Schulstrasse - 11.07.09\" src=\"http:\/\/farm4.static.flickr.com\/3515\/3720112848_bc4b783c8c_m.jpg\" width=\"240\" height=\"160\" \/><\/a> Da selbst mitten in der Nacht noch keiner m\u00fcde sein wollte, entschloss man sich kurzfristig eine zus\u00e4tzliche \u00dcbung auf der Maaraue zu machen, bei der dann auch der am Fahrzeug angebrachte Lichtmast und anderes Beleuchtungsger\u00e4t in Betrieb genommen wurde.<br \/>\nGegen 4 Uhr kehrte dann langsam Ruhe im Ger\u00e4tehaus ein und es konnte etwas geschlafen werden. Am Morgen wurde die Sommerabschluss\u00fcbung dann mit einem gemeinsamen Fr\u00fchst\u00fcck nach dem Aufr\u00e4umen beendet. Etwas m\u00fcde ging es dann nach Hause in die Ferien. Einige k\u00f6nnen es schon jetzt kaum erwarten, nach den Sommerferien wieder loszulegen.<\/p>\n","protected":false},"excerpt":{"rendered":"<p>Als die Einsatzkr\u00e4fte am Samstagmittag nach der Alarmierung vor Ort eintrafen, wurden Sie von einer v\u00f6llig aufgeregten Mutter in Empfang genommen. Ihre Kinder haben im Keller gez\u00fcndelt, aber eines konnte sich nicht mehr selbst ins Freie retten. Zu allem \u00dcbel steht auch noch eine Campinggasflasche in einem der Kellerr\u00e4ume. Umgehend wurde ein Trupp unter schwerem [&hellip;]<\/p>\n","protected":false},"author":1,"featured_media":0,"comment_status":"closed","ping_status":"open","sticky":false,"template":"","format":"standard","meta":{"_et_pb_use_builder":"","_et_pb_old_content":"","_et_gb_content_width":"","_crdt_document":"","footnotes":""},"categories":[7,9],"tags":[200,31,828,594,593,27,105],"class_list":["post-1435","post","type-post","status-publish","format-standard","hentry","category-jugendfeuerwehr","category-veranstaltungen","tag-brandstiftung","tag-feuer","tag-jugendfeuerwehr","tag-nachtubung","tag-schulstrase","tag-sommerabschlussubung","tag-ubung"],"_links":{"self":[{"href":"https:\/\/www.feuerwehrkostheim.de\/index.php?rest_route=\/wp\/v2\/posts\/1435","targetHints":{"allow":["GET"]}}],"collection":[{"href":"https:\/\/www.feuerwehrkostheim.de\/index.php?rest_route=\/wp\/v2\/posts"}],"about":[{"href":"https:\/\/www.feuerwehrkostheim.de\/index.php?rest_route=\/wp\/v2\/types\/post"}],"author":[{"embeddable":true,"href":"https:\/\/www.feuerwehrkostheim.de\/index.php?rest_route=\/wp\/v2\/users\/1"}],"replies":[{"embeddable":true,"href":"https:\/\/www.feuerwehrkostheim.de\/index.php?rest_route=%2Fwp%2Fv2%2Fcomments&post=1435"}],"version-history":[{"count":0,"href":"https:\/\/www.feuerwehrkostheim.de\/index.php?rest_route=\/wp\/v2\/posts\/1435\/revisions"}],"wp:attachment":[{"href":"https:\/\/www.feuerwehrkostheim.de\/index.php?rest_route=%2Fwp%2Fv2%2Fmedia&parent=1435"}],"wp:term":[{"taxonomy":"category","embeddable":true,"href":"https:\/\/www.feuerwehrkostheim.de\/index.php?rest_route=%2Fwp%2Fv2%2Fcategories&post=1435"},{"taxonomy":"post_tag","embeddable":true,"href":"https:\/\/www.feuerwehrkostheim.de\/index.php?rest_route=%2Fwp%2Fv2%2Ftags&post=1435"}],"curies":[{"name":"wp","href":"https:\/\/api.w.org\/{rel}","templated":true}]}}