{"id":1411,"date":"2009-10-19T11:17:52","date_gmt":"2009-10-19T09:17:52","guid":{"rendered":"http:\/\/www.feuerwehrkostheim.de\/?p=1411"},"modified":"2018-06-02T14:08:01","modified_gmt":"2018-06-02T13:08:01","slug":"gelungener-abend-jahresabschluss-und-jubilaumsfeier-im-ferrutiushaus","status":"publish","type":"post","link":"https:\/\/www.feuerwehrkostheim.de\/?p=1411","title":{"rendered":"Gelungener Abend &#8211; Jahresabschluss und Jubil\u00e4umsfeier im Ferrutiushaus"},"content":{"rendered":"<p><a title=\"Jubil\u00e4umsfeier 135 Jahre FF Kostheim - 17.10.09 von FF-Kostheim bei Flickr\" href=\"http:\/\/www.flickr.com\/photos\/ffkostheim\/sets\/72157622506378331\/\" target=\"_blank\"><img loading=\"lazy\" decoding=\"async\" class=\"alignleft\" alt=\"Jubil\u00e4umsfeier 135 Jahre FF Kostheim - 17.10.09\" src=\"http:\/\/farm4.static.flickr.com\/3521\/4033697705_c767a0f6cd_m.jpg\" width=\"240\" height=\"161\" \/><\/a> Am vergangenen Samstag lud die Kostheimer Feuerwehr Ihre Mitglieder zur diesj\u00e4hrigen Jahresabschlussfeier ins Kostheimer Ferrutiushaus ein. Gleichzeitig wurde an diesem Abend auch das 135-j\u00e4hrige Bestehen der Wehr in einem w\u00fcrdigen Rahmen gefeiert. Zahlreiche Mitglieder und Ehreng\u00e4ste folgten der Einladung und lie\u00dfen im Saal keinen Platz unbesetzt. Auch eine zahlreiche Abordnung der befreundeten Feuerwehr aus Niederwallmenach hatte sich eingefunden.<\/p>\n<p><!--more-->Vor einem pr\u00e4chtigen B\u00fchnenbild begr\u00fc\u00dfte der Wehrf\u00fchrer Thomas Stein die G\u00e4ste und er\u00f6ffnete den offiziellen Teil des Abends. Die Vorsitzende des Kostheimer Vereinsringes Annegret Kracht erl\u00e4uterte in Ihrer Laudatio unter anderem die enorme Bedeutung des ehrenamtlichen Wirkens der Feuerwehrleute. Harald Hagen \u2013 Leiter der Berufsfeuerwehr Wiesbaden \u2013, Stadtrat Dieter Schlempp, Bj\u00f6rn Patzke \u2013 Vertreter der Berufsfeuerwehr Mainz \u2013 und weitere G\u00e4ste richteten sich in Ihren Gru\u00dfworten an die Anwesenden.<\/p>\n<p><a title=\"Jubil\u00e4umsfeier 135 Jahre FF Kostheim - 17.10.09 von FF-Kostheim bei Flickr\" href=\"http:\/\/www.flickr.com\/photos\/ffkostheim\/sets\/72157622506378331\/\" target=\"_blank\"><img loading=\"lazy\" decoding=\"async\" class=\"alignright\" alt=\"Jubil\u00e4umsfeier 135 Jahre FF Kostheim - 17.10.09\" src=\"http:\/\/farm4.static.flickr.com\/3481\/4031613782_5b6ec6ed90_m.jpg\" width=\"240\" height=\"160\" \/><\/a> Im Anschluss an eine weitere musikalische Einlage des M\u00e4nnergesangvereins Kostheim standen die Ehrungen der Vereinsmitglieder auf dem Programm. Die Mitglieder Helmut Buschatzky, Josef Frosch, Philipp Krimmel, Herbert R\u00f6der, Irmtraud Schilling und J\u00fcrgen Zeul wurden f\u00fcr 25 Jahre Mitgliedschaft im Verein geehrt. F\u00fcr 40 Jahre Mitgliedschaft wurden Herbert Dittmann, Gottfried Geider und Dieter Hietel geehrt. F\u00fcr ein halbes Jahrhundert bekamen Klaus Bott, Wilfried Dietz, Ernst Dumke und Jakob Hollerbach eine verdiente Auszeichnung. Zu guter Letzt \u00fcberreichte Thomas Stein ein Pr\u00e4sent an Rudolf \u2013 \u201eRudi\u201c Schmelz der an diesem Abend nicht nur seinen achtzigsten Geburtstag feiern konnte, sondern auch gleichzeitig noch auf 65 Jahre aktive Mitgliedschaft in der Kostheimer Wehr zur\u00fcckblicken kann.<\/p>\n<p><a title=\"Jubil\u00e4umsfeier 135 Jahre FF Kostheim - 17.10.09 von FF-Kostheim bei Flickr\" href=\"http:\/\/www.flickr.com\/photos\/ffkostheim\/sets\/72157622506378331\/\" target=\"_blank\"><img loading=\"lazy\" decoding=\"async\" class=\"alignleft\" alt=\"Jubil\u00e4umsfeier 135 Jahre FF Kostheim - 17.10.09\" src=\"http:\/\/farm3.static.flickr.com\/2719\/4030860663_7eedf3961a_m.jpg\" width=\"240\" height=\"160\" \/><\/a> Nach den Ehrungen nahm der Leitende Branddirektor Harald Hagen zusammen mit Stadtbrandinspektor Gerhard Beil die Bef\u00f6rderungen der Mitglieder der Einsatzabteilung vor. Dominique Dunkel und Kerstin Stein wurden zur Feuerwehrfrau ernannt -, Patrick Lipp, Martin Guigas, Matthias Mayer und Patrick Melde zum Feuerwehrmann. Oberfeuerwehrfrau wurde Rebecca Jungbluth und Oberfeuerwehrmann Christian Schmitt. Ernannt zum Hauptfeuerwehrmann wurden Mathias Jost und Martin Reinheimer. Gerd Jungbluth wurde zum L\u00f6schmeister, Michael Stark zum Oberl\u00f6schmeister und Torsten Krimmel zum Hauptl\u00f6schmeister bef\u00f6rdert.<\/p>\n<p>Mit dem Dank an das in Vergangenheit geleistete Engagement beschloss Wehrf\u00fchrer Stein den offiziellen Teil des Abends und er\u00f6ffnete das im Foyer errichtete Buffet. Mit den Kl\u00e4ngen der Alleinunterhalterin Marion Auth konnte anschlie\u00dfend das ein oder andere Tanzbein geschwungen werden. Da die Alarmbereitschaft an diesem Abend an die Kameraden aus Kastel abgegeben wurde, konnte die Wehr mit ihren Freunden und G\u00e4sten noch bis in den sp\u00e4ten Abend hinein gem\u00fctlich feiern, \u2013 ohne den Gedanken, ein Einsatz k\u00f6nnte die Party unterbrechen.<\/p>\n<p>Ein Dank an dieser Stelle gilt dem M\u00e4nndergesangverein Kostheim 1844 e.V. f\u00fcr die gesanglichen Farbtupfer sowie dem Team von <a href=\"http:\/\/www.wiesbaden112.de\/\" target=\"_blank\">Wiesbaden112<\/a>, die uns an diesem Abend mit der Erstellung von Bildmaterial unterst\u00fctzen.<\/p>\n","protected":false},"excerpt":{"rendered":"<p>Am vergangenen Samstag lud die Kostheimer Feuerwehr Ihre Mitglieder zur diesj\u00e4hrigen Jahresabschlussfeier ins Kostheimer Ferrutiushaus ein. Gleichzeitig wurde an diesem Abend auch das 135-j\u00e4hrige Bestehen der Wehr in einem w\u00fcrdigen Rahmen gefeiert. Zahlreiche Mitglieder und Ehreng\u00e4ste folgten der Einladung und lie\u00dfen im Saal keinen Platz unbesetzt. Auch eine zahlreiche Abordnung der befreundeten Feuerwehr aus Niederwallmenach [&hellip;]<\/p>\n","protected":false},"author":1,"featured_media":0,"comment_status":"closed","ping_status":"open","sticky":false,"template":"","format":"standard","meta":{"_et_pb_use_builder":"","_et_pb_old_content":"","_et_gb_content_width":"","_crdt_document":"","footnotes":""},"categories":[1,3,4,7,10],"tags":[171,166,577,167,162,443],"class_list":["post-1411","post","type-post","status-publish","format-standard","hentry","category-allgemein","category-bambinifeuerwehr","category-einsatzabteilung","category-jugendfeuerwehr","category-verein","tag-ehrungen","tag-jahresabschlussfeier","tag-jubilare","tag-jubilarenehrung","tag-jubilarenfeier","tag-jubilaum"],"_links":{"self":[{"href":"https:\/\/www.feuerwehrkostheim.de\/index.php?rest_route=\/wp\/v2\/posts\/1411","targetHints":{"allow":["GET"]}}],"collection":[{"href":"https:\/\/www.feuerwehrkostheim.de\/index.php?rest_route=\/wp\/v2\/posts"}],"about":[{"href":"https:\/\/www.feuerwehrkostheim.de\/index.php?rest_route=\/wp\/v2\/types\/post"}],"author":[{"embeddable":true,"href":"https:\/\/www.feuerwehrkostheim.de\/index.php?rest_route=\/wp\/v2\/users\/1"}],"replies":[{"embeddable":true,"href":"https:\/\/www.feuerwehrkostheim.de\/index.php?rest_route=%2Fwp%2Fv2%2Fcomments&post=1411"}],"version-history":[{"count":0,"href":"https:\/\/www.feuerwehrkostheim.de\/index.php?rest_route=\/wp\/v2\/posts\/1411\/revisions"}],"wp:attachment":[{"href":"https:\/\/www.feuerwehrkostheim.de\/index.php?rest_route=%2Fwp%2Fv2%2Fmedia&parent=1411"}],"wp:term":[{"taxonomy":"category","embeddable":true,"href":"https:\/\/www.feuerwehrkostheim.de\/index.php?rest_route=%2Fwp%2Fv2%2Fcategories&post=1411"},{"taxonomy":"post_tag","embeddable":true,"href":"https:\/\/www.feuerwehrkostheim.de\/index.php?rest_route=%2Fwp%2Fv2%2Ftags&post=1411"}],"curies":[{"name":"wp","href":"https:\/\/api.w.org\/{rel}","templated":true}]}}