{"id":1383,"date":"2013-01-21T18:50:12","date_gmt":"2013-01-21T16:50:12","guid":{"rendered":"http:\/\/www.feuerwehrkostheim.de\/?p=1383"},"modified":"2018-06-02T14:06:20","modified_gmt":"2018-06-02T13:06:20","slug":"dachstuhlbrand-in-der-innenstadt-bringt-erneuten-wachbesetzungseinsatz","status":"publish","type":"post","link":"https:\/\/www.feuerwehrkostheim.de\/?p=1383","title":{"rendered":"Dachstuhlbrand in der Innenstadt bringt erneuten Wachbesetzungseinsatz"},"content":{"rendered":"<p><img loading=\"lazy\" decoding=\"async\" class=\"alignleft\" title=\"Einsatz-Logo\" alt=\"Einsatz-Logo\" src=\"http:\/\/www.feuerwehrkostheim.de\/wp-content\/bilder\/sonstige\/logo_einsatz.jpg\" width=\"100\" height=\"100\" \/><strong>20. Januar 2013 &#8211; 19:52 Uhr<\/strong><br \/>\n<strong>Feuerwache 2<\/strong><br \/>\nFF-Einheit<br \/>\nEinsatz 04 &#8211; 2013<\/p>\n<p><a title=\"Wachbesetzung Feuerwache 2 - 20.01.13 von FF-Kostheim bei Flickr\" href=\"http:\/\/www.flickr.com\/photos\/ffkostheim\/sets\/72157632574566563\/\" target=\"_blank\"><img loading=\"lazy\" decoding=\"async\" class=\"alignright\" alt=\"Wachbesetzung Feuerwache 2 - 20.01.13\" src=\"http:\/\/farm9.staticflickr.com\/8513\/8401633371_1e3d2ba38d_m.jpg\" width=\"240\" height=\"180\" \/><\/a> F\u00fcnf Tage nach der ersten Wachbesetzung in diesem Jahr, wurde die Kostheimer Feuerwehr erneut auf die Feuerwache 2 alarmiert. Ein ausgedehnter Dachstuhlbrand im Wiesbadener Kaiser-Friedrich-Ring sorgte f\u00fcr leere Wachen. Neben der Wache 2 in Kastel wurde auch die Wache 3 in Bierstadt &#8211; hier durch die FF Bierstadt &#8211; besetzt. Die Kostheimer Kameraden, die erneut mit allen drei Fahrzeugen und 18 Einsatzkr\u00e4ften ausr\u00fcckten, verweilten bis 23 Uhr auf der Wache. Gl\u00fccklicher Weise musste auch dieses Mal zu keinem Einsatz ausger\u00fcckt werden.<\/p>\n<p><!--more--><a title=\"Wachbesetzung Feuerwache 2 - 20.01.13 von FF-Kostheim bei Flickr\" href=\"http:\/\/www.flickr.com\/photos\/ffkostheim\/sets\/72157632574566563\/\" target=\"_blank\"><img loading=\"lazy\" decoding=\"async\" class=\"alignleft\" alt=\"Wachbesetzung Feuerwache 2 - 20.01.13\" src=\"http:\/\/farm9.staticflickr.com\/8330\/8401637677_c20306a50b_m.jpg\" width=\"240\" height=\"180\" \/><\/a> Erschwert wurde die Anfahrt ins Ger\u00e4tehaus sowie die Feuerwache durch die winterlichen Wetterbedingungen. Erhebliches Glatteis auf den Stra\u00dfen machte den Kr\u00e4ften Anfangs zu schaffen. Beim Einr\u00fccken hatte bereits wieder Schneefall eingesetzt und die eisglatten Stra\u00dfen waren mit Schnee bedeckt.<\/p>\n<p>&nbsp;<\/p>\n<ul>\n<li>WiesbadenAktuell: <a href=\"http:\/\/www.wiesbadenaktuell.de\/nachrichten\/news-detail-view\/article\/brand-in-mansardenwohnung-griff-auf-dachgeschoss-ueber.html\" target=\"_blank\">200.000 Euro Sachschaden nach Brand im Dachgeschoss<\/a><\/li>\n<li>Wiesbaden112: <a href=\"http:\/\/www.wiesbaden112.de\/?p=7787\" target=\"_blank\">Wohnungsbrand greift auf Dachstuh \u00fcber<\/a><\/li>\n<\/ul>\n","protected":false},"excerpt":{"rendered":"<p>20. Januar 2013 &#8211; 19:52 Uhr Feuerwache 2 FF-Einheit Einsatz 04 &#8211; 2013 F\u00fcnf Tage nach der ersten Wachbesetzung in diesem Jahr, wurde die Kostheimer Feuerwehr erneut auf die Feuerwache 2 alarmiert. Ein ausgedehnter Dachstuhlbrand im Wiesbadener Kaiser-Friedrich-Ring sorgte f\u00fcr leere Wachen. Neben der Wache 2 in Kastel wurde auch die Wache 3 in Bierstadt [&hellip;]<\/p>\n","protected":false},"author":1,"featured_media":0,"comment_status":"closed","ping_status":"open","sticky":false,"template":"","format":"standard","meta":{"_et_pb_use_builder":"","_et_pb_old_content":"","_et_gb_content_width":"","_crdt_document":"","footnotes":""},"categories":[5],"tags":[305,304,31,242,222,243],"class_list":["post-1383","post","type-post","status-publish","format-standard","hentry","category-einsatze","tag-dachstuhl","tag-dachstuhlbrand","tag-feuer","tag-feuerwache-2","tag-kastel","tag-wachbesetzung"],"_links":{"self":[{"href":"https:\/\/www.feuerwehrkostheim.de\/index.php?rest_route=\/wp\/v2\/posts\/1383","targetHints":{"allow":["GET"]}}],"collection":[{"href":"https:\/\/www.feuerwehrkostheim.de\/index.php?rest_route=\/wp\/v2\/posts"}],"about":[{"href":"https:\/\/www.feuerwehrkostheim.de\/index.php?rest_route=\/wp\/v2\/types\/post"}],"author":[{"embeddable":true,"href":"https:\/\/www.feuerwehrkostheim.de\/index.php?rest_route=\/wp\/v2\/users\/1"}],"replies":[{"embeddable":true,"href":"https:\/\/www.feuerwehrkostheim.de\/index.php?rest_route=%2Fwp%2Fv2%2Fcomments&post=1383"}],"version-history":[{"count":0,"href":"https:\/\/www.feuerwehrkostheim.de\/index.php?rest_route=\/wp\/v2\/posts\/1383\/revisions"}],"wp:attachment":[{"href":"https:\/\/www.feuerwehrkostheim.de\/index.php?rest_route=%2Fwp%2Fv2%2Fmedia&parent=1383"}],"wp:term":[{"taxonomy":"category","embeddable":true,"href":"https:\/\/www.feuerwehrkostheim.de\/index.php?rest_route=%2Fwp%2Fv2%2Fcategories&post=1383"},{"taxonomy":"post_tag","embeddable":true,"href":"https:\/\/www.feuerwehrkostheim.de\/index.php?rest_route=%2Fwp%2Fv2%2Ftags&post=1383"}],"curies":[{"name":"wp","href":"https:\/\/api.w.org\/{rel}","templated":true}]}}