{"id":1277,"date":"2012-11-27T19:47:42","date_gmt":"2012-11-27T17:47:42","guid":{"rendered":"http:\/\/www.feuerwehrkostheim.de\/?p=1277"},"modified":"2018-06-02T14:06:21","modified_gmt":"2018-06-02T13:06:21","slug":"feuer-auf-dem-balkon","status":"publish","type":"post","link":"https:\/\/www.feuerwehrkostheim.de\/?p=1277","title":{"rendered":"Feuer auf dem Balkon"},"content":{"rendered":"<p><img loading=\"lazy\" decoding=\"async\" class=\"alignleft\" title=\"Einsatz-Logo\" src=\"http:\/\/www.feuerwehrkostheim.de\/wp-content\/bilder\/sonstige\/logo_einsatz.jpg\" alt=\"Einsatz-Logo\" width=\"100\" height=\"100\" \/><strong>26. November 2012 &#8211; 23:09 Uhr<\/strong><br \/>\n<strong>Steinern Stra\u00dfe 24a<\/strong><br \/>\nFF-Einheit<br \/>\nEinsatz 43 &#8211; 2012<\/p>\n<p>Zu einem Feuer auf einem Balkon wurde die FF Kostheim zusammen mit dem L\u00f6schzug der Wache 2 in die Steinern Stra\u00dfe alarmiert. An der Einsatzstelle gen\u00fcgte die Vornahme einer K\u00fcbelspritze um den Kleinbrand zu l\u00f6schen. Vorsichtshalber wurde der oberhalb der Brandstelle gelegene Dachbereich noch kontrolliert. Der Einsatz war nach kurzer Zeit beendet. Die Kostheimer Wehr stellte zwei Einsatzfahrzeuge sowie 15 Einsatzkr\u00e4fte. Die Ursache des Brandes konnte zum Einsatzzeitpunkt nicht gekl\u00e4rt werden.<\/p>\n","protected":false},"excerpt":{"rendered":"<p>26. November 2012 &#8211; 23:09 Uhr Steinern Stra\u00dfe 24a FF-Einheit Einsatz 43 &#8211; 2012 Zu einem Feuer auf einem Balkon wurde die FF Kostheim zusammen mit dem L\u00f6schzug der Wache 2 in die Steinern Stra\u00dfe alarmiert. An der Einsatzstelle gen\u00fcgte die Vornahme einer K\u00fcbelspritze um den Kleinbrand zu l\u00f6schen. Vorsichtshalber wurde der oberhalb der Brandstelle [&hellip;]<\/p>\n","protected":false},"author":1,"featured_media":0,"comment_status":"closed","ping_status":"open","sticky":false,"template":"","format":"standard","meta":{"_et_pb_use_builder":"","_et_pb_old_content":"","_et_gb_content_width":"","_crdt_document":"","footnotes":""},"categories":[5],"tags":[184,527,31,213],"class_list":["post-1277","post","type-post","status-publish","format-standard","hentry","category-einsatze","tag-balkon","tag-dach","tag-feuer","tag-kubelspritze"],"_links":{"self":[{"href":"https:\/\/www.feuerwehrkostheim.de\/index.php?rest_route=\/wp\/v2\/posts\/1277","targetHints":{"allow":["GET"]}}],"collection":[{"href":"https:\/\/www.feuerwehrkostheim.de\/index.php?rest_route=\/wp\/v2\/posts"}],"about":[{"href":"https:\/\/www.feuerwehrkostheim.de\/index.php?rest_route=\/wp\/v2\/types\/post"}],"author":[{"embeddable":true,"href":"https:\/\/www.feuerwehrkostheim.de\/index.php?rest_route=\/wp\/v2\/users\/1"}],"replies":[{"embeddable":true,"href":"https:\/\/www.feuerwehrkostheim.de\/index.php?rest_route=%2Fwp%2Fv2%2Fcomments&post=1277"}],"version-history":[{"count":0,"href":"https:\/\/www.feuerwehrkostheim.de\/index.php?rest_route=\/wp\/v2\/posts\/1277\/revisions"}],"wp:attachment":[{"href":"https:\/\/www.feuerwehrkostheim.de\/index.php?rest_route=%2Fwp%2Fv2%2Fmedia&parent=1277"}],"wp:term":[{"taxonomy":"category","embeddable":true,"href":"https:\/\/www.feuerwehrkostheim.de\/index.php?rest_route=%2Fwp%2Fv2%2Fcategories&post=1277"},{"taxonomy":"post_tag","embeddable":true,"href":"https:\/\/www.feuerwehrkostheim.de\/index.php?rest_route=%2Fwp%2Fv2%2Ftags&post=1277"}],"curies":[{"name":"wp","href":"https:\/\/api.w.org\/{rel}","templated":true}]}}