{"id":1243,"date":"2010-07-16T09:31:49","date_gmt":"2010-07-16T07:31:49","guid":{"rendered":"http:\/\/www.feuerwehrkostheim.de\/?p=1243"},"modified":"2018-06-02T14:07:58","modified_gmt":"2018-06-02T13:07:58","slug":"presse-ein-kurzer-und-heftiger-einsatz-fur-wiesbadener-feuerwehren","status":"publish","type":"post","link":"https:\/\/www.feuerwehrkostheim.de\/?p=1243","title":{"rendered":"[Presse]: Ein kurzer und heftiger Einsatz f\u00fcr Wiesbadener Feuerwehren"},"content":{"rendered":"<p><img decoding=\"async\" class=\"alignleft\" src=\"http:\/\/www.feuerwehrkostheim.de\/wp-content\/bilder\/sonstige\/logo_presse.jpg\" alt=\"\" \/><\/p>\n<p><a href=\"http:\/\/www.wiesbadener-kurier.de\/\" target=\"_blank\"><img loading=\"lazy\" decoding=\"async\" src=\"http:\/\/www.feuerwehrkostheim.de\/wp-content\/bilder\/sonstige\/logo_wk.gif\" alt=\"\" width=\"130\" height=\"22\" \/><\/a><br \/>\n(WK) vom 16. Juli 2010<br \/>\n<strong>Von Cornelia Diergardt<br \/>\n<\/strong><br \/>\n\u201eOlivia\u201c forderte am Mittwoch ganzen Einsatz. \u201eKurz und heftig war\u2018s\u201c, bilanziert Arnd Mettin vom Lagedienst der Berufsfeuerwehr. Innerhalb des nur 45-min\u00fctigen Unwetters wickelten die Hauptamtlichen mit Unterst\u00fctzung aller freiwilligen Feuerwehren 300 Eins\u00e4tze ab.<\/p>\n<p><strong><!--more-->Zwei Tonnen schwer<\/strong><br \/>\nSpektakul\u00e4r war ein Einsatz in der Bl\u00fccherstra\u00dfe in Wiesbaden, wo sich ein drei Meter langer und zwei Tonnen schwerer Schornstein aus der Verankerung l\u00f6ste und in zwei Teile brach. Der gr\u00f6\u00dfere Teil schlug in das Dach ein und verkeilte sich dort. Die Bewohner erlitten keinen Schaden. W\u00e4hrend des Einsatzes, an dem auch der H\u00f6henrettungstrupp der Berufsfeuerwehr beteiligt war, mussten zw\u00f6lf geparkte Fahrzeuge entfernt werden.<\/p>\n<p><a title=\"Unwetter: Ein kurzer und heftiger Einsatz f\u00fcr Wiesbadener Feuerwehren\" href=\"http:\/\/www.wiesbadener-kurier.de\/region\/wiesbaden\/meldungen\/9150553.htm\" target=\"_blank\">&#8230; weiterlesen &#8230;<\/a> (mit Foto und Video)<\/p>\n","protected":false},"excerpt":{"rendered":"<p>(WK) vom 16. Juli 2010 Von Cornelia Diergardt \u201eOlivia\u201c forderte am Mittwoch ganzen Einsatz. \u201eKurz und heftig war\u2018s\u201c, bilanziert Arnd Mettin vom Lagedienst der Berufsfeuerwehr. Innerhalb des nur 45-min\u00fctigen Unwetters wickelten die Hauptamtlichen mit Unterst\u00fctzung aller freiwilligen Feuerwehren 300 Eins\u00e4tze ab.<\/p>\n","protected":false},"author":1,"featured_media":0,"comment_status":"closed","ping_status":"open","sticky":false,"template":"","format":"standard","meta":{"_et_pb_use_builder":"","_et_pb_old_content":"","_et_gb_content_width":"","_crdt_document":"","footnotes":""},"categories":[8],"tags":[504,506,505,64,89,507,63],"class_list":["post-1243","post","type-post","status-publish","format-standard","hentry","category-pressearchiv","tag-artikel","tag-kurier","tag-olivia","tag-presse","tag-unwetter","tag-wiesbadener","tag-zeitung"],"_links":{"self":[{"href":"https:\/\/www.feuerwehrkostheim.de\/index.php?rest_route=\/wp\/v2\/posts\/1243","targetHints":{"allow":["GET"]}}],"collection":[{"href":"https:\/\/www.feuerwehrkostheim.de\/index.php?rest_route=\/wp\/v2\/posts"}],"about":[{"href":"https:\/\/www.feuerwehrkostheim.de\/index.php?rest_route=\/wp\/v2\/types\/post"}],"author":[{"embeddable":true,"href":"https:\/\/www.feuerwehrkostheim.de\/index.php?rest_route=\/wp\/v2\/users\/1"}],"replies":[{"embeddable":true,"href":"https:\/\/www.feuerwehrkostheim.de\/index.php?rest_route=%2Fwp%2Fv2%2Fcomments&post=1243"}],"version-history":[{"count":0,"href":"https:\/\/www.feuerwehrkostheim.de\/index.php?rest_route=\/wp\/v2\/posts\/1243\/revisions"}],"wp:attachment":[{"href":"https:\/\/www.feuerwehrkostheim.de\/index.php?rest_route=%2Fwp%2Fv2%2Fmedia&parent=1243"}],"wp:term":[{"taxonomy":"category","embeddable":true,"href":"https:\/\/www.feuerwehrkostheim.de\/index.php?rest_route=%2Fwp%2Fv2%2Fcategories&post=1243"},{"taxonomy":"post_tag","embeddable":true,"href":"https:\/\/www.feuerwehrkostheim.de\/index.php?rest_route=%2Fwp%2Fv2%2Ftags&post=1243"}],"curies":[{"name":"wp","href":"https:\/\/api.w.org\/{rel}","templated":true}]}}