{"id":1240,"date":"2010-07-16T09:40:49","date_gmt":"2010-07-16T07:40:49","guid":{"rendered":"http:\/\/www.feuerwehrkostheim.de\/?p=1240"},"modified":"2018-06-02T14:07:58","modified_gmt":"2018-06-02T13:07:58","slug":"presse-orkan-beschadigt-viele-baumkronen","status":"publish","type":"post","link":"https:\/\/www.feuerwehrkostheim.de\/?p=1240","title":{"rendered":"[Presse]: Orkan besch\u00e4digt viele Baumkronen"},"content":{"rendered":"<p><img decoding=\"async\" class=\"alignleft\" src=\"http:\/\/www.feuerwehrkostheim.de\/wp-content\/bilder\/sonstige\/logo_presse.jpg\" alt=\"\" \/><\/p>\n<p><a href=\"http:\/\/www.allgemeine-zeitung.de\/\" target=\"_blank\"><img loading=\"lazy\" decoding=\"async\" src=\"http:\/\/www.feuerwehrkostheim.de\/wp-content\/bilder\/sonstige\/logo_az.gif\" alt=\"\" width=\"130\" height=\"22\" \/><\/a><br \/>\n(AZ) vom 16. Juli 2010<br \/>\n<strong>Von Wolfgang Wenzel<\/strong><\/p>\n<p><strong><br \/>\nGROSSAUFR\u00c4UMEN Feuerwehren im Dauereinsatz und Gr\u00fcnfl\u00e4chenamt mit der Schadenserhebung befasst<\/strong><\/p>\n<p>(zel). Ein Gro\u00dfaufr\u00e4umen setzte gestern nach dem Unwetter ein, das am Dienstag eine Schneise der Verw\u00fcstung gezogen hatte. Berufsfeuerwehr und die Freiwilligen Feuerwehren waren bei dem Gewitter pausenlos im Einsatz. Am\u00f6neburg, Kastel und Kostheim kamen im Vergleich zu anderen Stadtteilen dabei trotz \u201ejeder Menge an Eins\u00e4tzen\u201c glimpflich davon.<\/p>\n<p><!--more-->Auch die Liegestuhl-Landschaft am Kasteler Strand, die in der Sturmnacht ziemlich zerzaust wirkte, pr\u00e4sentierte sich gestern wieder in einem aufger\u00e4umten Zustand. \u201eHaupts\u00e4chlich B\u00e4ume\u201c seien von dem Orkan in Mitleidenschaft gezogen worden, hie\u00df es bei der Wehrf\u00fchrung in Kastel, die an Erkundungsfahrten der Feuerwehr in ganz Wiesbaden mitwirkte. Auch in Kostheim hatte das \u00f6ffentliche Gr\u00fcn nach Auskunft von Wehrf\u00fchrer Thomas Stein gelitten. Am h\u00e4rtesten traf es eine Linde in der Hilgersstra\u00dfe in Am\u00f6neburg. Dort war der Sturm so m\u00e4chtig in die Baumkrone gefahren, dass ein gro\u00dfer Ast aus der Krone herausbrach und dabei den Baum fast in zwei Teile spaltete. Die Linde sei kaum noch zu retten und m\u00fcsse durch eine Neupflanzung ersetzt werden, sagten Mitarbeiter des Gr\u00fcnfl\u00e4chenamts, die gestern den S\u00fcdosten Wiesbadens in drei Kolonnen zur Schadensaufnahme durchstreiften. In Kastel entwurzelte der Sturm B\u00e4ume auf dem Mittelstreifen des Philippsrings, die vorerst liegen blieben, weil sie keine Gefahr darstellten. B\u00e4ume st\u00fcrzten auch im Wohnviertel am Philippshof sowie in der Castellumstra\u00dfe um. In der Reduit sowie an der Stra\u00dfenbr\u00fccke fegten die Boen zwei Bauz\u00e4ume hinweg. Den Schadenssch\u00e4tzt die Stadt auf mehrere 10 000 Euro. Gestern Abend waren noch immer st\u00e4dtische Mitarbeiter sowie mehrere Firmen mit f\u00fcnf Hubsteigern unterwegs, um Gefahrenquellen zu beseitigen.<\/p>\n","protected":false},"excerpt":{"rendered":"<p>(AZ) vom 16. Juli 2010 Von Wolfgang Wenzel GROSSAUFR\u00c4UMEN Feuerwehren im Dauereinsatz und Gr\u00fcnfl\u00e4chenamt mit der Schadenserhebung befasst (zel). Ein Gro\u00dfaufr\u00e4umen setzte gestern nach dem Unwetter ein, das am Dienstag eine Schneise der Verw\u00fcstung gezogen hatte. Berufsfeuerwehr und die Freiwilligen Feuerwehren waren bei dem Gewitter pausenlos im Einsatz. Am\u00f6neburg, Kastel und Kostheim kamen im Vergleich [&hellip;]<\/p>\n","protected":false},"author":1,"featured_media":0,"comment_status":"closed","ping_status":"open","sticky":false,"template":"","format":"standard","meta":{"_et_pb_use_builder":"","_et_pb_old_content":"","_et_gb_content_width":"","_crdt_document":"","footnotes":""},"categories":[8],"tags":[503,504,505,64,89,63],"class_list":["post-1240","post","type-post","status-publish","format-standard","hentry","category-pressearchiv","tag-allgemeine","tag-artikel","tag-olivia","tag-presse","tag-unwetter","tag-zeitung"],"_links":{"self":[{"href":"https:\/\/www.feuerwehrkostheim.de\/index.php?rest_route=\/wp\/v2\/posts\/1240","targetHints":{"allow":["GET"]}}],"collection":[{"href":"https:\/\/www.feuerwehrkostheim.de\/index.php?rest_route=\/wp\/v2\/posts"}],"about":[{"href":"https:\/\/www.feuerwehrkostheim.de\/index.php?rest_route=\/wp\/v2\/types\/post"}],"author":[{"embeddable":true,"href":"https:\/\/www.feuerwehrkostheim.de\/index.php?rest_route=\/wp\/v2\/users\/1"}],"replies":[{"embeddable":true,"href":"https:\/\/www.feuerwehrkostheim.de\/index.php?rest_route=%2Fwp%2Fv2%2Fcomments&post=1240"}],"version-history":[{"count":0,"href":"https:\/\/www.feuerwehrkostheim.de\/index.php?rest_route=\/wp\/v2\/posts\/1240\/revisions"}],"wp:attachment":[{"href":"https:\/\/www.feuerwehrkostheim.de\/index.php?rest_route=%2Fwp%2Fv2%2Fmedia&parent=1240"}],"wp:term":[{"taxonomy":"category","embeddable":true,"href":"https:\/\/www.feuerwehrkostheim.de\/index.php?rest_route=%2Fwp%2Fv2%2Fcategories&post=1240"},{"taxonomy":"post_tag","embeddable":true,"href":"https:\/\/www.feuerwehrkostheim.de\/index.php?rest_route=%2Fwp%2Fv2%2Ftags&post=1240"}],"curies":[{"name":"wp","href":"https:\/\/api.w.org\/{rel}","templated":true}]}}