{"id":1232,"date":"2010-08-13T23:55:04","date_gmt":"2010-08-13T21:55:04","guid":{"rendered":"http:\/\/www.feuerwehrkostheim.de\/?p=1232"},"modified":"2018-06-02T14:07:57","modified_gmt":"2018-06-02T13:07:57","slug":"schwerer-vu-auf-der-a671-kostheimer-lf-kurz-nach-unfallereignis-vor-ort","status":"publish","type":"post","link":"https:\/\/www.feuerwehrkostheim.de\/?p=1232","title":{"rendered":"Schwerer VU auf der A671 &#8211; Kostheimer LF kurz nach Unfallereignis vor Ort"},"content":{"rendered":"<p><img loading=\"lazy\" decoding=\"async\" class=\"alignleft\" title=\"Einsatz-Logo\" src=\"http:\/\/www.feuerwehrkostheim.de\/wp-content\/bilder\/sonstige\/logo_einsatz.jpg\" alt=\"Einsatz-Logo\" width=\"100\" height=\"100\" \/><strong>13. August 2010 &#8211; 20:33 Uhr<\/strong><br \/>\n<strong>A671 &#8211; Anschlusstelle Mz-Kastel<\/strong><br \/>\nohne Alarmierung<br \/>\nEinsatz 25 &#8211; 2010<\/p>\n<p><a title=\"Schwerer VU A671 - 13.08.10 von FF-Kostheim bei Flickr\" href=\"http:\/\/www.flickr.com\/photos\/ffkostheim\/sets\/72157624603957135\/\" target=\"_blank\"><img loading=\"lazy\" decoding=\"async\" class=\"alignright\" src=\"http:\/\/farm5.static.flickr.com\/4141\/4893121237_d71c108ff4_m.jpg\" alt=\"Schwerer VU A671 - 13.08.10\" width=\"240\" height=\"160\" \/><\/a> Am Freitagabend waren die Kameraden der Kostheimer Wehr auf der Feuerwache 1 und veranstalteten dort ihren \u00dcbungsdienst. Auf der R\u00fcckfahrt zum Ger\u00e4tehaus ereignete sich fast unmittelbar vor ihrem L\u00f6schfahrzeug auf der A671 ein schwerer Verkehrsunfall. In Fahrtrichtung Hochheim, H\u00f6he der Anschlussstelle Mainz-Kastel, waren zwei PKW miteinander kollidiert. Somit waren mit dem Eingehen der ersten Notrufe in der Leitstelle die ersten Helfer vor Ort.<\/p>\n<p><!--more--><a title=\"Schwerer VU A671 - 13.08.10 von FF-Kostheim bei Flickr\" href=\"http:\/\/www.flickr.com\/photos\/ffkostheim\/sets\/72157624603957135\/\" target=\"_blank\"><img loading=\"lazy\" decoding=\"async\" class=\"alignleft\" src=\"http:\/\/farm5.static.flickr.com\/4136\/4893121401_fbfdd85fd0_m.jpg\" alt=\"Schwerer VU A671 - 13.08.10\" width=\"240\" height=\"160\" \/><\/a> Der zust\u00e4ndige Gruppenf\u00fchrer verschaffte sich einen \u00dcberblick \u00fcber die Situation und konnte somit schon parallel mit dem Ausr\u00fccken der Kr\u00e4fte der Berufsfeuerwehr eine umfassende Lagemeldung abgeben und die n\u00f6tigen Rettungsmittel anfordern. Vorgefunden und prim\u00e4r versorgt wurden zwei teils schwerverletzte Personen, von denen eine auf der Fahrbahn lag, die andere noch in einem verunfallten PKW sa\u00df. Die Person im PKW war zudem nicht bei Bewusstsein und wurde zusammen mit einem, ebenfalls zuf\u00e4llig, an der Unfallstelle eingetroffenen Arztes Erstversorgt. Neben der Versorgung der Verletzten k\u00fcmmerte man sich zeitgleich um die Absicherung der Unfallstelle, um Folgeunf\u00e4lle zu vermeiden.<\/p>\n<p>Nach dem \u00dcbergeben der Verletzen an den Rettungsdienst wurde noch abgewartet bis die Unfallfahrzeuge geborgen wurden, um die Fahrbahn zu reinigen.<\/p>\n<p>Der Einsatz war f\u00fcr die Kostheimer Kr\u00e4fte nach kanpp anderthalb Stunden beendet.<\/p>\n<p>Vielen Dank an dieser Stelle an das Team von <a title=\"Wiesbaden 112\" href=\"http:\/\/www.wiesbaden112.de\/\" target=\"_blank\">Wiesbaden112,<\/a> f\u00fcr die zur Verf\u00fcgungstellung des Bildmaterials.<\/p>\n<p style=\"padding-left: 30px;\"><em><strong>Links:<\/strong><\/em><br \/>\nWiesbadener Kurier: <a title=\"Artikel , Wiesbadener Kurier\" href=\"http:\/\/www.wiesbadener-kurier.de\/nachrichten\/polizei\/9265770.htm\" target=\"_blank\">Doppel-Unfall auf der A671<\/a><\/p>\n","protected":false},"excerpt":{"rendered":"<p>13. August 2010 &#8211; 20:33 Uhr A671 &#8211; Anschlusstelle Mz-Kastel ohne Alarmierung Einsatz 25 &#8211; 2010 Am Freitagabend waren die Kameraden der Kostheimer Wehr auf der Feuerwache 1 und veranstalteten dort ihren \u00dcbungsdienst. Auf der R\u00fcckfahrt zum Ger\u00e4tehaus ereignete sich fast unmittelbar vor ihrem L\u00f6schfahrzeug auf der A671 ein schwerer Verkehrsunfall. In Fahrtrichtung Hochheim, H\u00f6he [&hellip;]<\/p>\n","protected":false},"author":1,"featured_media":0,"comment_status":"closed","ping_status":"open","sticky":false,"template":"","format":"standard","meta":{"_et_pb_use_builder":"","_et_pb_old_content":"","_et_gb_content_width":"","_crdt_document":"","footnotes":""},"categories":[5],"tags":[494,495,496,76,71,198,70],"class_list":["post-1232","post","type-post","status-publish","format-standard","hentry","category-einsatze","tag-a671","tag-anschlusstelle","tag-autobahn","tag-unfall","tag-verkehrsunfall","tag-verletzte","tag-vu"],"_links":{"self":[{"href":"https:\/\/www.feuerwehrkostheim.de\/index.php?rest_route=\/wp\/v2\/posts\/1232","targetHints":{"allow":["GET"]}}],"collection":[{"href":"https:\/\/www.feuerwehrkostheim.de\/index.php?rest_route=\/wp\/v2\/posts"}],"about":[{"href":"https:\/\/www.feuerwehrkostheim.de\/index.php?rest_route=\/wp\/v2\/types\/post"}],"author":[{"embeddable":true,"href":"https:\/\/www.feuerwehrkostheim.de\/index.php?rest_route=\/wp\/v2\/users\/1"}],"replies":[{"embeddable":true,"href":"https:\/\/www.feuerwehrkostheim.de\/index.php?rest_route=%2Fwp%2Fv2%2Fcomments&post=1232"}],"version-history":[{"count":0,"href":"https:\/\/www.feuerwehrkostheim.de\/index.php?rest_route=\/wp\/v2\/posts\/1232\/revisions"}],"wp:attachment":[{"href":"https:\/\/www.feuerwehrkostheim.de\/index.php?rest_route=%2Fwp%2Fv2%2Fmedia&parent=1232"}],"wp:term":[{"taxonomy":"category","embeddable":true,"href":"https:\/\/www.feuerwehrkostheim.de\/index.php?rest_route=%2Fwp%2Fv2%2Fcategories&post=1232"},{"taxonomy":"post_tag","embeddable":true,"href":"https:\/\/www.feuerwehrkostheim.de\/index.php?rest_route=%2Fwp%2Fv2%2Ftags&post=1232"}],"curies":[{"name":"wp","href":"https:\/\/api.w.org\/{rel}","templated":true}]}}