{"id":1182,"date":"2012-11-17T13:16:30","date_gmt":"2012-11-17T11:16:30","guid":{"rendered":"http:\/\/www.feuerwehrkostheim.de\/?p=1182"},"modified":"2018-06-02T14:06:21","modified_gmt":"2018-06-02T13:06:21","slug":"brennender-sperrmull-in-der-siedlung","status":"publish","type":"post","link":"https:\/\/www.feuerwehrkostheim.de\/?p=1182","title":{"rendered":"Brennender Sperrm\u00fcll in der Siedlung"},"content":{"rendered":"<p><img loading=\"lazy\" decoding=\"async\" class=\"alignleft\" title=\"Einsatz-Logo\" src=\"http:\/\/www.feuerwehrkostheim.de\/wp-content\/bilder\/sonstige\/logo_einsatz.jpg\" alt=\"Einsatz-Logo\" width=\"100\" height=\"100\" \/><strong>17. November 2012 &#8211; 04:45 Uhr<\/strong><br \/>\n<strong>Innsbrucker Stra\u00dfe<\/strong><br \/>\nEinzelfahrzeugalarmierung<br \/>\nEinsatz 42 &#8211; 2012<\/p>\n<p><a title=\"Sperrm\u00fcllbrand - 17.11.12 von FF-Kostheim bei Flickr\" href=\"http:\/\/www.flickr.com\/photos\/ffkostheim\/sets\/72157632031945298\/\" target=\"_blank\"><img loading=\"lazy\" decoding=\"async\" class=\"alignright\" src=\"http:\/\/farm9.staticflickr.com\/8058\/8192089961_566e4bcd15_m.jpg\" alt=\"Sperrm\u00fcllbrand - 17.11.12\" width=\"240\" height=\"180\" \/><\/a> Aufgrund eines bei der Polizei eingegangenen Notrufes, wurde in den fr\u00fchen Morgenstunden das LF10\/10 der Feuerwehr Kostheim und das Basis-LF der Wache 2 in die Innsbrucker Stra\u00dfe alarmiert. Auf dem Gehweg sollen Matratzen in Brand geraten sein. In der Siedlung eingetroffen, konnte ein Kleinbrand von diversen Sperrm\u00fcllgegenst\u00e4nden festgestellt werden. Zum Einsatz kam eine K\u00fcbelspritze.<\/p>\n<p>Es war nicht das einzige Feuer in dieser Nacht in den s\u00fcdlichen Vororten von Wiesbaden. Zwei Stunden zuvor brannte es im Bereich einer Lagerhalle im Kasteler Ogelweg. Zwischen den Br\u00e4nden im Ogelweg und der Kostheimer Siedlung, wurde ein weiteres Feuer auf einem Spielplatz im Otto-Suhr-Ring gemeldet. Auch hier wurde Unrat angez\u00fcndet.<\/p>\n","protected":false},"excerpt":{"rendered":"<p>17. November 2012 &#8211; 04:45 Uhr Innsbrucker Stra\u00dfe Einzelfahrzeugalarmierung Einsatz 42 &#8211; 2012 Aufgrund eines bei der Polizei eingegangenen Notrufes, wurde in den fr\u00fchen Morgenstunden das LF10\/10 der Feuerwehr Kostheim und das Basis-LF der Wache 2 in die Innsbrucker Stra\u00dfe alarmiert. Auf dem Gehweg sollen Matratzen in Brand geraten sein. In der Siedlung eingetroffen, konnte [&hellip;]<\/p>\n","protected":false},"author":1,"featured_media":0,"comment_status":"closed","ping_status":"open","sticky":false,"template":"","format":"standard","meta":{"_et_pb_use_builder":"","_et_pb_old_content":"","_et_gb_content_width":"","_crdt_document":"","footnotes":""},"categories":[5],"tags":[200,31,91],"class_list":["post-1182","post","type-post","status-publish","format-standard","hentry","category-einsatze","tag-brandstiftung","tag-feuer","tag-sperrmull"],"_links":{"self":[{"href":"https:\/\/www.feuerwehrkostheim.de\/index.php?rest_route=\/wp\/v2\/posts\/1182","targetHints":{"allow":["GET"]}}],"collection":[{"href":"https:\/\/www.feuerwehrkostheim.de\/index.php?rest_route=\/wp\/v2\/posts"}],"about":[{"href":"https:\/\/www.feuerwehrkostheim.de\/index.php?rest_route=\/wp\/v2\/types\/post"}],"author":[{"embeddable":true,"href":"https:\/\/www.feuerwehrkostheim.de\/index.php?rest_route=\/wp\/v2\/users\/1"}],"replies":[{"embeddable":true,"href":"https:\/\/www.feuerwehrkostheim.de\/index.php?rest_route=%2Fwp%2Fv2%2Fcomments&post=1182"}],"version-history":[{"count":0,"href":"https:\/\/www.feuerwehrkostheim.de\/index.php?rest_route=\/wp\/v2\/posts\/1182\/revisions"}],"wp:attachment":[{"href":"https:\/\/www.feuerwehrkostheim.de\/index.php?rest_route=%2Fwp%2Fv2%2Fmedia&parent=1182"}],"wp:term":[{"taxonomy":"category","embeddable":true,"href":"https:\/\/www.feuerwehrkostheim.de\/index.php?rest_route=%2Fwp%2Fv2%2Fcategories&post=1182"},{"taxonomy":"post_tag","embeddable":true,"href":"https:\/\/www.feuerwehrkostheim.de\/index.php?rest_route=%2Fwp%2Fv2%2Ftags&post=1182"}],"curies":[{"name":"wp","href":"https:\/\/api.w.org\/{rel}","templated":true}]}}