{"id":1165,"date":"2012-11-04T13:42:22","date_gmt":"2012-11-04T11:42:22","guid":{"rendered":"http:\/\/www.feuerwehrkostheim.de\/?p=1165"},"modified":"2018-06-02T14:06:21","modified_gmt":"2018-06-02T13:06:21","slug":"feuer-in-einer-holzwerkstatt-abschlussubung-der-jugendfeuerwehren-kostheim-und-kastel","status":"publish","type":"post","link":"https:\/\/www.feuerwehrkostheim.de\/?p=1165","title":{"rendered":"Feuer in einer Holzwerkstatt &#8211; Abschluss\u00fcbung der Jugendfeuerwehren Kostheim und Kastel"},"content":{"rendered":"<p><a title=\"Abschluss\u00fcbung der Jugendfeuerwehr - 03.11.12 von FF-Kostheim bei Flickr\" href=\"http:\/\/www.flickr.com\/photos\/ffkostheim\/sets\/72157631924814616\/\" target=\"_blank\"><img loading=\"lazy\" decoding=\"async\" class=\"alignleft\" src=\"http:\/\/farm8.staticflickr.com\/7126\/8153429112_37ee18ac95_m.jpg\" alt=\"Abschluss\u00fcbung der Jugendfeuerwehr - 03.11.12\" width=\"159\" height=\"240\" \/><\/a> Ein Feuer in der Werkstatt eines holzverarbeitetenden Betriebes in der Kostheimer M\u00fcnchhofstra\u00dfe stellte das Szenario der diesj\u00e4hrigen Abschluss\u00fcbung der Jugendfeuerwehren aus Kostheim und Kastel dar. Wie schon im vergangenen Jahr wurde diese \u00dcbung von beiden Nachwuchsabteilungen gemeinsam durchgef\u00fchrt.<br \/>\nBeim Eintreffen der Einsatzfahrzeuge drang dichter Rauch aus den Werkstattbereichen der Firma Mehlinger. Da noch Personen vermisst wurden, startete zuerst der Innenangriff mit der Suche nach den Vermissten.<\/p>\n<p><!--more--><br \/>\n<a title=\"Abschluss\u00fcbung der Jugendfeuerwehr - 03.11.12 von FF-Kostheim bei Flickr\" href=\"http:\/\/www.flickr.com\/photos\/ffkostheim\/sets\/72157631924814616\/\" target=\"_blank\"><img loading=\"lazy\" decoding=\"async\" class=\"alignright\" src=\"http:\/\/farm9.staticflickr.com\/8340\/8153429212_fa7b27ac9b_m.jpg\" alt=\"Abschluss\u00fcbung der Jugendfeuerwehr - 03.11.12\" width=\"240\" height=\"159\" \/><\/a>Vier Trupps unter Atemschutz gingen mit je einem Strahlrohr in den total verqualmten, etwa 350 Quadratmeter gro\u00dfen, \u00a0Werkstattbereich vor. W\u00e4hrenddessen wurde die Wasserversorgung \u00fcber zwei in der N\u00e4he befindliche Unterflurhydranten sichergestellt. Um ein Ausbreiten des Feuers auf angrenzende Geb\u00e4ude und Lagerfl\u00e4chen zu vermeiden, wurden im Au\u00dfenbereich mehrere Strahlrohre zur Abschirmung in Stellung gebracht.<\/p>\n<p><a title=\"Abschluss\u00fcbung der Jugendfeuerwehr - 03.11.12 von FF-Kostheim bei Flickr\" href=\"http:\/\/www.flickr.com\/photos\/ffkostheim\/sets\/72157631924814616\/\" target=\"_blank\"><img loading=\"lazy\" decoding=\"async\" class=\"alignleft\" src=\"http:\/\/farm8.staticflickr.com\/7249\/8153431800_b4a4978e02_m.jpg\" alt=\"Abschluss\u00fcbung der Jugendfeuerwehr - 03.11.12\" width=\"240\" height=\"159\" \/><\/a> Nach etwa einer halben Stunde wurden die Trupps im Inneren f\u00fcndig und konnten die vermisste Person ins Freie retten. \u00a0Hier konnte sie zur weiteren Betreuung an einem schon wartenden\u00a0 Trupp \u00fcbergeben werden.<\/p>\n<p>Kurz darauf konnte unter den Augen der Jugendwarte sowie der anwesenden Wehrf\u00fchrung beider Wehren \u201eFeuer aus\u201c \u00a0gemeldet werden. Mit dem R\u00fcckbau der Ger\u00e4tschaften sowie die Bel\u00fcftung der R\u00e4umlichkeiten konnte begonnen werden.<\/p>\n<p>Nach getaner Arbeit versammelten sich die Teilnehmer der \u00dcbung im Lehrsaal des Kostheimer Ger\u00e4tehauses. Die Akteure der \u00dcbung ernteten bei der abschlie\u00dfenden Man\u00f6verkritik Lob von den \u00dcbungsbeobachtern. Die inszenierte Lage wurde sehr gut und koordiniert abgearbeitet. Die Suche nach der vermissten Person verlief in Anbetracht der Gr\u00f6\u00dfe des verrauchten Bereiches sehr schnell und die Ausbreitung wurde ebenfalls durch den parallelen Au\u00dfenangriff unterbunden.<\/p>\n<p>Mit einem kleinen Imbiss endete die Abschluss\u00fcbung f\u00fcr die etwa 50 Teilnehmer. Auch im n\u00e4chsten Jahr steht einem \u00e4hnlichen Abschluss nichts im Wege. Die Verantwortlichen danken der Firma Mehlinger f\u00fcr die zur Verf\u00fcgung Stellung des \u00dcbungsobjektes.<\/p>\n","protected":false},"excerpt":{"rendered":"<p>Ein Feuer in der Werkstatt eines holzverarbeitetenden Betriebes in der Kostheimer M\u00fcnchhofstra\u00dfe stellte das Szenario der diesj\u00e4hrigen Abschluss\u00fcbung der Jugendfeuerwehren aus Kostheim und Kastel dar. Wie schon im vergangenen Jahr wurde diese \u00dcbung von beiden Nachwuchsabteilungen gemeinsam durchgef\u00fchrt. Beim Eintreffen der Einsatzfahrzeuge drang dichter Rauch aus den Werkstattbereichen der Firma Mehlinger. Da noch Personen vermisst [&hellip;]<\/p>\n","protected":false},"author":1,"featured_media":0,"comment_status":"closed","ping_status":"open","sticky":false,"template":"","format":"standard","meta":{"_et_pb_use_builder":"","_et_pb_old_content":"","_et_gb_content_width":"","_crdt_document":"","footnotes":""},"categories":[7,9],"tags":[221,31,456,828,222,223,111,411],"class_list":["post-1165","post","type-post","status-publish","format-standard","hentry","category-jugendfeuerwehr","category-veranstaltungen","tag-abschlussubung","tag-feuer","tag-holz","tag-jugendfeuerwehr","tag-kastel","tag-kostheim","tag-rauchentwicklung","tag-werkstatt"],"_links":{"self":[{"href":"https:\/\/www.feuerwehrkostheim.de\/index.php?rest_route=\/wp\/v2\/posts\/1165","targetHints":{"allow":["GET"]}}],"collection":[{"href":"https:\/\/www.feuerwehrkostheim.de\/index.php?rest_route=\/wp\/v2\/posts"}],"about":[{"href":"https:\/\/www.feuerwehrkostheim.de\/index.php?rest_route=\/wp\/v2\/types\/post"}],"author":[{"embeddable":true,"href":"https:\/\/www.feuerwehrkostheim.de\/index.php?rest_route=\/wp\/v2\/users\/1"}],"replies":[{"embeddable":true,"href":"https:\/\/www.feuerwehrkostheim.de\/index.php?rest_route=%2Fwp%2Fv2%2Fcomments&post=1165"}],"version-history":[{"count":0,"href":"https:\/\/www.feuerwehrkostheim.de\/index.php?rest_route=\/wp\/v2\/posts\/1165\/revisions"}],"wp:attachment":[{"href":"https:\/\/www.feuerwehrkostheim.de\/index.php?rest_route=%2Fwp%2Fv2%2Fmedia&parent=1165"}],"wp:term":[{"taxonomy":"category","embeddable":true,"href":"https:\/\/www.feuerwehrkostheim.de\/index.php?rest_route=%2Fwp%2Fv2%2Fcategories&post=1165"},{"taxonomy":"post_tag","embeddable":true,"href":"https:\/\/www.feuerwehrkostheim.de\/index.php?rest_route=%2Fwp%2Fv2%2Ftags&post=1165"}],"curies":[{"name":"wp","href":"https:\/\/api.w.org\/{rel}","templated":true}]}}