{"id":1149,"date":"2012-10-07T13:05:58","date_gmt":"2012-10-07T11:05:58","guid":{"rendered":"http:\/\/www.feuerwehrkostheim.de\/?p=1149"},"modified":"2018-06-02T14:06:22","modified_gmt":"2018-06-02T13:06:22","slug":"mietfahrrad-brennt-in-leihstation","status":"publish","type":"post","link":"https:\/\/www.feuerwehrkostheim.de\/?p=1149","title":{"rendered":"Mietfahrrad brennt in Leihstation"},"content":{"rendered":"<p><img loading=\"lazy\" decoding=\"async\" class=\"alignleft\" title=\"Einsatz-Logo\" src=\"http:\/\/www.feuerwehrkostheim.de\/wp-content\/bilder\/sonstige\/logo_einsatz.jpg\" alt=\"Einsatz-Logo\" width=\"100\" height=\"100\" \/><strong>07. Oktober 2012 &#8211; 05:37 Uhr<\/strong><br \/>\n<strong>Winterstra\u00dfe<\/strong><br \/>\nEinzelfahrzeugalarmierung<br \/>\nEinsatz 39 &#8211; 2012<\/p>\n<p><a title=\"Brand eines Mietfahrades - 07.10.12 von FF-Kostheim bei Flickr\" href=\"http:\/\/www.flickr.com\/photos\/ffkostheim\/sets\/72157631710916601\/\" target=\"_blank\"><img loading=\"lazy\" decoding=\"async\" class=\"alignright\" src=\"http:\/\/farm9.staticflickr.com\/8175\/8062295927_56ea219396_m.jpg\" alt=\"Brand eines Mietfahrades - 07.10.12\" width=\"240\" height=\"159\" \/><\/a> In den fr\u00fchen Morgenstunden bemerkte ein von der Nachtschicht kommender SCA-Mitarbeiter ein Feuer an der Mietstation f\u00fcr Fahrr\u00e4der am B\u00fcrgerhaus in der Winterstra\u00dfe. Je ein L\u00f6schfahrzeug der freiwilligen und Berufsfeuerwehr wurde alarmiert. Beim Eintreffen des Kostheimer LF\u00b4s brannten Plastikteile eines in der Radstation angedockten Fahrrades. Der Brand wurde mit einer K\u00fcbelspritze gel\u00f6scht und die Kameraden der Berufsfeuerwehr konnten ihre Einsatzfahrt abbrechen. Nach etwa 20 Minuten war der Einsatz, f\u00fcr den insgesamt 19 Kostheimer Kameraden zur Verf\u00fcgung standen, beendet.<\/p>\n","protected":false},"excerpt":{"rendered":"<p>07. Oktober 2012 &#8211; 05:37 Uhr Winterstra\u00dfe Einzelfahrzeugalarmierung Einsatz 39 &#8211; 2012 In den fr\u00fchen Morgenstunden bemerkte ein von der Nachtschicht kommender SCA-Mitarbeiter ein Feuer an der Mietstation f\u00fcr Fahrr\u00e4der am B\u00fcrgerhaus in der Winterstra\u00dfe. Je ein L\u00f6schfahrzeug der freiwilligen und Berufsfeuerwehr wurde alarmiert. Beim Eintreffen des Kostheimer LF\u00b4s brannten Plastikteile eines in der Radstation [&hellip;]<\/p>\n","protected":false},"author":1,"featured_media":0,"comment_status":"closed","ping_status":"open","sticky":false,"template":"","format":"standard","meta":{"_et_pb_use_builder":"","_et_pb_old_content":"","_et_gb_content_width":"","_crdt_document":"","footnotes":""},"categories":[5],"tags":[31,449,447,448],"class_list":["post-1149","post","type-post","status-publish","format-standard","hentry","category-einsatze","tag-feuer","tag-meinrad","tag-mietfahrrad","tag-mvg"],"_links":{"self":[{"href":"https:\/\/www.feuerwehrkostheim.de\/index.php?rest_route=\/wp\/v2\/posts\/1149","targetHints":{"allow":["GET"]}}],"collection":[{"href":"https:\/\/www.feuerwehrkostheim.de\/index.php?rest_route=\/wp\/v2\/posts"}],"about":[{"href":"https:\/\/www.feuerwehrkostheim.de\/index.php?rest_route=\/wp\/v2\/types\/post"}],"author":[{"embeddable":true,"href":"https:\/\/www.feuerwehrkostheim.de\/index.php?rest_route=\/wp\/v2\/users\/1"}],"replies":[{"embeddable":true,"href":"https:\/\/www.feuerwehrkostheim.de\/index.php?rest_route=%2Fwp%2Fv2%2Fcomments&post=1149"}],"version-history":[{"count":0,"href":"https:\/\/www.feuerwehrkostheim.de\/index.php?rest_route=\/wp\/v2\/posts\/1149\/revisions"}],"wp:attachment":[{"href":"https:\/\/www.feuerwehrkostheim.de\/index.php?rest_route=%2Fwp%2Fv2%2Fmedia&parent=1149"}],"wp:term":[{"taxonomy":"category","embeddable":true,"href":"https:\/\/www.feuerwehrkostheim.de\/index.php?rest_route=%2Fwp%2Fv2%2Fcategories&post=1149"},{"taxonomy":"post_tag","embeddable":true,"href":"https:\/\/www.feuerwehrkostheim.de\/index.php?rest_route=%2Fwp%2Fv2%2Ftags&post=1149"}],"curies":[{"name":"wp","href":"https:\/\/api.w.org\/{rel}","templated":true}]}}