{"id":1127,"date":"2012-10-02T19:11:13","date_gmt":"2012-10-02T17:11:13","guid":{"rendered":"http:\/\/www.feuerwehrkostheim.de\/?p=1127"},"modified":"2018-06-02T14:06:22","modified_gmt":"2018-06-02T13:06:22","slug":"rauchentwicklung-beim-feuer-in-der-zwischendecke-eines-ladengeschaftes","status":"publish","type":"post","link":"https:\/\/www.feuerwehrkostheim.de\/?p=1127","title":{"rendered":"Rauchentwicklung bei Feuer in der Zwischendecke eines Ladengesch\u00e4ftes"},"content":{"rendered":"<p><img loading=\"lazy\" decoding=\"async\" class=\"alignleft\" title=\"Einsatz-Logo\" src=\"http:\/\/www.feuerwehrkostheim.de\/wp-content\/bilder\/sonstige\/logo_einsatz.jpg\" alt=\"Einsatz-Logo\" width=\"100\" height=\"100\" \/><strong>02. Oktober 2012 &#8211; 12:33 Uhr<\/strong><br \/>\nKurt-Hebach-Stra\u00dfe \/ Kastel<br \/>\nFF-Einheit<br \/>\nEinsatz 38 &#8211; 2012<\/p>\n<p>Zu einem Feuer in der Kasteler Kurt-Hebach-Stra\u00dfe wurde die Kostheimer Feuerwehr am Dienstagmittag alarmiert. In einem Gesch\u00e4ft f\u00fcr Tierbedarf kam es zu einem Brand in der Zwischendecke. Nachdem das Feuer gel\u00f6scht war, ein Boiler hatte Feuer gefangen, mussten die R\u00e4umlichkeiten noch rauchfrei gemacht werden. Hochleistungsl\u00fcfter wurden in Stellung gebracht und der Rauch ins Freie gedr\u00fcckt.<\/p>\n","protected":false},"excerpt":{"rendered":"<p>02. Oktober 2012 &#8211; 12:33 Uhr Kurt-Hebach-Stra\u00dfe \/ Kastel FF-Einheit Einsatz 38 &#8211; 2012 Zu einem Feuer in der Kasteler Kurt-Hebach-Stra\u00dfe wurde die Kostheimer Feuerwehr am Dienstagmittag alarmiert. In einem Gesch\u00e4ft f\u00fcr Tierbedarf kam es zu einem Brand in der Zwischendecke. Nachdem das Feuer gel\u00f6scht war, ein Boiler hatte Feuer gefangen, mussten die R\u00e4umlichkeiten noch [&hellip;]<\/p>\n","protected":false},"author":1,"featured_media":0,"comment_status":"closed","ping_status":"open","sticky":false,"template":"","format":"standard","meta":{"_et_pb_use_builder":"","_et_pb_old_content":"","_et_gb_content_width":"","_crdt_document":"","footnotes":""},"categories":[5],"tags":[31,222,357,111,441,442],"class_list":["post-1127","post","type-post","status-publish","format-standard","hentry","category-einsatze","tag-feuer","tag-kastel","tag-lufter","tag-rauchentwicklung","tag-unterstutzung","tag-zwischendecke"],"_links":{"self":[{"href":"https:\/\/www.feuerwehrkostheim.de\/index.php?rest_route=\/wp\/v2\/posts\/1127","targetHints":{"allow":["GET"]}}],"collection":[{"href":"https:\/\/www.feuerwehrkostheim.de\/index.php?rest_route=\/wp\/v2\/posts"}],"about":[{"href":"https:\/\/www.feuerwehrkostheim.de\/index.php?rest_route=\/wp\/v2\/types\/post"}],"author":[{"embeddable":true,"href":"https:\/\/www.feuerwehrkostheim.de\/index.php?rest_route=\/wp\/v2\/users\/1"}],"replies":[{"embeddable":true,"href":"https:\/\/www.feuerwehrkostheim.de\/index.php?rest_route=%2Fwp%2Fv2%2Fcomments&post=1127"}],"version-history":[{"count":0,"href":"https:\/\/www.feuerwehrkostheim.de\/index.php?rest_route=\/wp\/v2\/posts\/1127\/revisions"}],"wp:attachment":[{"href":"https:\/\/www.feuerwehrkostheim.de\/index.php?rest_route=%2Fwp%2Fv2%2Fmedia&parent=1127"}],"wp:term":[{"taxonomy":"category","embeddable":true,"href":"https:\/\/www.feuerwehrkostheim.de\/index.php?rest_route=%2Fwp%2Fv2%2Fcategories&post=1127"},{"taxonomy":"post_tag","embeddable":true,"href":"https:\/\/www.feuerwehrkostheim.de\/index.php?rest_route=%2Fwp%2Fv2%2Ftags&post=1127"}],"curies":[{"name":"wp","href":"https:\/\/api.w.org\/{rel}","templated":true}]}}