{"id":1124,"date":"2012-09-29T23:48:08","date_gmt":"2012-09-29T21:48:08","guid":{"rendered":"http:\/\/www.feuerwehrkostheim.de\/?p=1124"},"modified":"2018-06-02T14:06:46","modified_gmt":"2018-06-02T13:06:46","slug":"ersthelfer-bei-verkehrsunfall-mit-fahrradfahrer","status":"publish","type":"post","link":"https:\/\/www.feuerwehrkostheim.de\/?p=1124","title":{"rendered":"Ersthelfer bei Verkehrsunfall mit Fahrradfahrer"},"content":{"rendered":"<p><img loading=\"lazy\" decoding=\"async\" class=\"alignleft\" title=\"Einsatz-Logo\" src=\"http:\/\/www.feuerwehrkostheim.de\/wp-content\/bilder\/sonstige\/logo_einsatz.jpg\" alt=\"Einsatz-Logo\" width=\"100\" height=\"100\" \/><strong>29. September 2012 &#8211; 10:18 Uhr<\/strong><br \/>\nAm Mainzer Weg \/ Viktoriastra\u00dfe<br \/>\nEinzelfahrzeugalarmierung<br \/>\nEinsatz 37 &#8211; 2012<\/p>\n<p><a title=\"Hilfeleistung nach Verkehrsunfall - 29.09.12 von FF-Kostheim bei Flickr\" href=\"http:\/\/www.flickr.com\/photos\/ffkostheim\/sets\/72157631676179430\/\" target=\"_blank\"><img loading=\"lazy\" decoding=\"async\" class=\"alignright\" src=\"http:\/\/farm9.staticflickr.com\/8318\/8047633558_89601f0f35_m.jpg\" alt=\"Hilfeleistung nach Verkehrsunfall - 29.09.12\" width=\"240\" height=\"160\" \/><\/a> Kurz nach Beginn der <a title=\"Tages\u00fcbung der Einsatzabteilung mit dem ELW2 - 29.09.12\" href=\"http:\/\/www.feuerwehrkostheim.de\/?p=1115\" target=\"_blank\">Tages\u00fcbung<\/a>, bei der alle drei Einsatzfahrzeuge durch Wiesbaden gelotst wurden, kam es kurz vor dem MTF der Wehr zu einem Verkehrsunfall im Kreuzungsbereich &#8220;Im Mainzer Weg&#8221; Ecke &#8220;Viktoriastra\u00dfe&#8221;. Ein aus der Viktoriastrasse nach rechts auf die August-Lutz-Br\u00fccke abbiegender Fahrer eines Vans \u00fcbersah einen Fahhradfahrer und stie\u00df mit diesem zusammen. Der Radfahrer fiel zu Boden und verletzte sich dabei leicht. Die Besatzung des MTF\u00b4s sicherte die Unfallstelle ab und bet\u00e4tigte sich als Ersthelfer bis der Rettungsdienst an der Unfallstelle eingetroffen war.<\/p>\n","protected":false},"excerpt":{"rendered":"<p>29. September 2012 &#8211; 10:18 Uhr Am Mainzer Weg \/ Viktoriastra\u00dfe Einzelfahrzeugalarmierung Einsatz 37 &#8211; 2012 Kurz nach Beginn der Tages\u00fcbung, bei der alle drei Einsatzfahrzeuge durch Wiesbaden gelotst wurden, kam es kurz vor dem MTF der Wehr zu einem Verkehrsunfall im Kreuzungsbereich &#8220;Im Mainzer Weg&#8221; Ecke &#8220;Viktoriastra\u00dfe&#8221;. Ein aus der Viktoriastrasse nach rechts auf [&hellip;]<\/p>\n","protected":false},"author":1,"featured_media":0,"comment_status":"closed","ping_status":"open","sticky":false,"template":"","format":"standard","meta":{"_et_pb_use_builder":"","_et_pb_old_content":"","_et_gb_content_width":"","_crdt_document":"","footnotes":""},"categories":[5],"tags":[440,439,198,70],"class_list":["post-1124","post","type-post","status-publish","format-standard","hentry","category-einsatze","tag-ersthelfer","tag-fahrrad","tag-verletzte","tag-vu"],"_links":{"self":[{"href":"https:\/\/www.feuerwehrkostheim.de\/index.php?rest_route=\/wp\/v2\/posts\/1124","targetHints":{"allow":["GET"]}}],"collection":[{"href":"https:\/\/www.feuerwehrkostheim.de\/index.php?rest_route=\/wp\/v2\/posts"}],"about":[{"href":"https:\/\/www.feuerwehrkostheim.de\/index.php?rest_route=\/wp\/v2\/types\/post"}],"author":[{"embeddable":true,"href":"https:\/\/www.feuerwehrkostheim.de\/index.php?rest_route=\/wp\/v2\/users\/1"}],"replies":[{"embeddable":true,"href":"https:\/\/www.feuerwehrkostheim.de\/index.php?rest_route=%2Fwp%2Fv2%2Fcomments&post=1124"}],"version-history":[{"count":0,"href":"https:\/\/www.feuerwehrkostheim.de\/index.php?rest_route=\/wp\/v2\/posts\/1124\/revisions"}],"wp:attachment":[{"href":"https:\/\/www.feuerwehrkostheim.de\/index.php?rest_route=%2Fwp%2Fv2%2Fmedia&parent=1124"}],"wp:term":[{"taxonomy":"category","embeddable":true,"href":"https:\/\/www.feuerwehrkostheim.de\/index.php?rest_route=%2Fwp%2Fv2%2Fcategories&post=1124"},{"taxonomy":"post_tag","embeddable":true,"href":"https:\/\/www.feuerwehrkostheim.de\/index.php?rest_route=%2Fwp%2Fv2%2Ftags&post=1124"}],"curies":[{"name":"wp","href":"https:\/\/api.w.org\/{rel}","templated":true}]}}