{"id":1115,"date":"2012-09-29T18:16:36","date_gmt":"2012-09-29T16:16:36","guid":{"rendered":"http:\/\/www.feuerwehrkostheim.de\/?p=1115"},"modified":"2018-06-02T14:06:46","modified_gmt":"2018-06-02T13:06:46","slug":"tagesubung-der-einsatzabteilung-mit-dem-elw-2","status":"publish","type":"post","link":"https:\/\/www.feuerwehrkostheim.de\/?p=1115","title":{"rendered":"Tages\u00fcbung der Einsatzabteilung mit dem ELW 2"},"content":{"rendered":"<p><a title=\"Tages\u00fcbung der Einsatzabteilung mit dem ELW2 - 29.09.12 von FF-Kostheim bei Flickr\" href=\"http:\/\/www.flickr.com\/photos\/ffkostheim\/sets\/72157631656610398\/\" target=\"_blank\"><img loading=\"lazy\" decoding=\"async\" class=\"alignleft\" src=\"http:\/\/farm9.staticflickr.com\/8033\/8038858424_3954c328c1_m.jpg\" alt=\"Tages\u00fcbung der Einsatzabteilung mit dem ELW2 - 29.09.12\" width=\"160\" height=\"240\" \/><\/a> Der letzte Samstag im Monat September stand ganz im Zeichen einer Tages\u00fcbung f\u00fcr die Aktiven der Einsatzabteilung. Bei der \u00dcbung, die vorwiegend als Funk- und Fahrertraining gedacht war, wurden vier Gruppen gebildet. Drei von Ihnen machten sich mit den Einsatzfahrzeugen auf den Weg ins Stadtgebiet, eine weitere Gruppe konnte die Koordinierung der Fahrzeuge \u00fcbernehmen. Hierzu wurde erstmals der ELW2 der Feuerwehr Wiesbaden, der \u00fcblicherweise von der IuK-Gruppe betreut wird, nach Kostheim geholt. Vor dem Ger\u00e4tehaus aufgestellt, stand er als \u00dcbungsleitstelle und Funkzentrale zur Verf\u00fcgung.<\/p>\n<p><!--more--> <a title=\"Tages\u00fcbung der Einsatzabteilung mit dem ELW2 - 29.09.12 von FF-Kostheim bei Flickr\" href=\"http:\/\/www.flickr.com\/photos\/ffkostheim\/sets\/72157631656610398\/\" target=\"_blank\"><img loading=\"lazy\" decoding=\"async\" class=\"alignright\" src=\"http:\/\/farm9.staticflickr.com\/8314\/8038858976_73d302e03b_m.jpg\" alt=\"Tages\u00fcbung der Einsatzabteilung mit dem ELW2 - 29.09.12\" width=\"240\" height=\"160\" \/><\/a> Die Fahrzeuge wurden vom ELW 2 aus, ohne eigene Stadtkarten, an verschiedene Punkte im gesamten Stadtgiebt gelotst. Dies geschah \u00fcber einen eigens hierf\u00fcr geschalteten Funkkanal. Ziel war es, neben dem ordnungsgem\u00e4\u00dfen Funkverkehr, auch eine brauchbare Zielf\u00fchrung der einzelnen Einheiten zu \u00fcben. Ganz nebenbei konnten die Maschinisten ihre Fahrpraxis aufbessern, da es nicht immer nur durch die gr\u00f6\u00dferen Stra\u00dfen Wiesbadens ging. Um eine gr\u00f6\u00dftm\u00f6gliche Abwechslung zu erm\u00f6glichen, wurden nicht nur die Kr\u00e4fte im ELW2 regelm\u00e4\u00dfig getauscht, sondern auch die jeweiligen Einsatzfahrzeuge mit denen die Gruppen unterwegs waren.<\/p>\n<p style=\"text-align: left;\">Nach etwa 7 Stunden wurde die \u00dcbungseinheit mit einer St\u00e4rkung in Form eines deftigen Eintopfs beendet. Alle waren sich einig, einen sehr informativen und abwechslungsreichen \u00dcbungsdienst erlebt zu haben. Auch der Einblick in die M\u00f6glichkeiten des ELW2 als F\u00fchrungsfahrzeug wurde von der Mannschaft als \u00e4u\u00dferst positiv bewertet. Eine Wiederholung soll von den Verantwortlichen im Auge behalten werden.<\/p>\n","protected":false},"excerpt":{"rendered":"<p>Der letzte Samstag im Monat September stand ganz im Zeichen einer Tages\u00fcbung f\u00fcr die Aktiven der Einsatzabteilung. Bei der \u00dcbung, die vorwiegend als Funk- und Fahrertraining gedacht war, wurden vier Gruppen gebildet. Drei von Ihnen machten sich mit den Einsatzfahrzeugen auf den Weg ins Stadtgebiet, eine weitere Gruppe konnte die Koordinierung der Fahrzeuge \u00fcbernehmen. Hierzu [&hellip;]<\/p>\n","protected":false},"author":1,"featured_media":0,"comment_status":"closed","ping_status":"open","sticky":false,"template":"","format":"standard","meta":{"_et_pb_use_builder":"","_et_pb_old_content":"","_et_gb_content_width":"","_crdt_document":"","footnotes":""},"categories":[4],"tags":[827,435,437,436,438,105,330],"class_list":["post-1115","post","type-post","status-publish","format-standard","hentry","category-einsatzabteilung","tag-einsatzabteilung","tag-elw2","tag-fahrtraining","tag-funkubung","tag-stadtgebiet","tag-ubung","tag-wiesbaden"],"_links":{"self":[{"href":"https:\/\/www.feuerwehrkostheim.de\/index.php?rest_route=\/wp\/v2\/posts\/1115","targetHints":{"allow":["GET"]}}],"collection":[{"href":"https:\/\/www.feuerwehrkostheim.de\/index.php?rest_route=\/wp\/v2\/posts"}],"about":[{"href":"https:\/\/www.feuerwehrkostheim.de\/index.php?rest_route=\/wp\/v2\/types\/post"}],"author":[{"embeddable":true,"href":"https:\/\/www.feuerwehrkostheim.de\/index.php?rest_route=\/wp\/v2\/users\/1"}],"replies":[{"embeddable":true,"href":"https:\/\/www.feuerwehrkostheim.de\/index.php?rest_route=%2Fwp%2Fv2%2Fcomments&post=1115"}],"version-history":[{"count":0,"href":"https:\/\/www.feuerwehrkostheim.de\/index.php?rest_route=\/wp\/v2\/posts\/1115\/revisions"}],"wp:attachment":[{"href":"https:\/\/www.feuerwehrkostheim.de\/index.php?rest_route=%2Fwp%2Fv2%2Fmedia&parent=1115"}],"wp:term":[{"taxonomy":"category","embeddable":true,"href":"https:\/\/www.feuerwehrkostheim.de\/index.php?rest_route=%2Fwp%2Fv2%2Fcategories&post=1115"},{"taxonomy":"post_tag","embeddable":true,"href":"https:\/\/www.feuerwehrkostheim.de\/index.php?rest_route=%2Fwp%2Fv2%2Ftags&post=1115"}],"curies":[{"name":"wp","href":"https:\/\/api.w.org\/{rel}","templated":true}]}}