{"id":1098,"date":"2012-09-24T19:08:13","date_gmt":"2012-09-24T17:08:13","guid":{"rendered":"http:\/\/www.feuerwehrkostheim.de\/?p=1098"},"modified":"2018-06-02T14:06:47","modified_gmt":"2018-06-02T13:06:47","slug":"baum-sturzt-auf-geparktes-auto","status":"publish","type":"post","link":"https:\/\/www.feuerwehrkostheim.de\/?p=1098","title":{"rendered":"Baum st\u00fcrzt auf geparktes Auto"},"content":{"rendered":"<p><img loading=\"lazy\" decoding=\"async\" class=\"alignleft\" title=\"Einsatz-Logo\" src=\"http:\/\/www.feuerwehrkostheim.de\/wp-content\/bilder\/sonstige\/logo_einsatz.jpg\" alt=\"Einsatz-Logo\" width=\"100\" height=\"100\" \/><strong>24. September 2012 &#8211; 17:12 Uhr<\/strong><br \/>\n<strong>M\u00fcfflingstra\u00dfe<\/strong><br \/>\nEinzelfahrzeugalarmierung<br \/>\nEinsatz 35 &#8211; 2012<\/p>\n<p><a title=\"Baum st\u00fcrzt auf Auto - 24.09.12 von FF-Kostheim bei Flickr\" href=\"http:\/\/www.flickr.com\/photos\/ffkostheim\/sets\/72157631629199944\/\" target=\"_blank\"><img loading=\"lazy\" decoding=\"async\" class=\"alignright\" src=\"http:\/\/farm9.staticflickr.com\/8029\/8027104481_980cbf64eb_m.jpg\" alt=\"Baum st\u00fcrzt auf Auto - 24.09.12\" width=\"240\" height=\"180\" \/><\/a> Der erste kleinere Herbststurm im Jahr 2012 bescherte der Kostheimer Wehr gleich einen Einsatz. Von der Polizei wurde ein umgest\u00fcrzter Baum in der M\u00fcfflingstra\u00dfe gemeldet. Das Kostheimer LF 10\/10 wurde hierf\u00fcr &#8220;Normale Fahrt&#8221; alarmiert. An der Einsatzstelle angekommen, wurde eine Kettens\u00e4ge vorgenommen, um den auf ein geparktes Fahrzeug gefallene Baum zu zerkleinern. Nach etwa einer Stunde konnte der Einsatz beendet werden. Weitere Sch\u00e4den wurden nicht mehr gemeldet.<\/p>\n","protected":false},"excerpt":{"rendered":"<p>24. September 2012 &#8211; 17:12 Uhr M\u00fcfflingstra\u00dfe Einzelfahrzeugalarmierung Einsatz 35 &#8211; 2012 Der erste kleinere Herbststurm im Jahr 2012 bescherte der Kostheimer Wehr gleich einen Einsatz. Von der Polizei wurde ein umgest\u00fcrzter Baum in der M\u00fcfflingstra\u00dfe gemeldet. Das Kostheimer LF 10\/10 wurde hierf\u00fcr &#8220;Normale Fahrt&#8221; alarmiert. An der Einsatzstelle angekommen, wurde eine Kettens\u00e4ge vorgenommen, um [&hellip;]<\/p>\n","protected":false},"author":1,"featured_media":0,"comment_status":"closed","ping_status":"open","sticky":false,"template":"","format":"standard","meta":{"_et_pb_use_builder":"","_et_pb_old_content":"","_et_gb_content_width":"","_crdt_document":"","footnotes":""},"categories":[5],"tags":[420,424,423,422,421],"class_list":["post-1098","post","type-post","status-publish","format-standard","hentry","category-einsatze","tag-baum","tag-geparkt","tag-parkend","tag-pkw","tag-umgesturzt"],"_links":{"self":[{"href":"https:\/\/www.feuerwehrkostheim.de\/index.php?rest_route=\/wp\/v2\/posts\/1098","targetHints":{"allow":["GET"]}}],"collection":[{"href":"https:\/\/www.feuerwehrkostheim.de\/index.php?rest_route=\/wp\/v2\/posts"}],"about":[{"href":"https:\/\/www.feuerwehrkostheim.de\/index.php?rest_route=\/wp\/v2\/types\/post"}],"author":[{"embeddable":true,"href":"https:\/\/www.feuerwehrkostheim.de\/index.php?rest_route=\/wp\/v2\/users\/1"}],"replies":[{"embeddable":true,"href":"https:\/\/www.feuerwehrkostheim.de\/index.php?rest_route=%2Fwp%2Fv2%2Fcomments&post=1098"}],"version-history":[{"count":0,"href":"https:\/\/www.feuerwehrkostheim.de\/index.php?rest_route=\/wp\/v2\/posts\/1098\/revisions"}],"wp:attachment":[{"href":"https:\/\/www.feuerwehrkostheim.de\/index.php?rest_route=%2Fwp%2Fv2%2Fmedia&parent=1098"}],"wp:term":[{"taxonomy":"category","embeddable":true,"href":"https:\/\/www.feuerwehrkostheim.de\/index.php?rest_route=%2Fwp%2Fv2%2Fcategories&post=1098"},{"taxonomy":"post_tag","embeddable":true,"href":"https:\/\/www.feuerwehrkostheim.de\/index.php?rest_route=%2Fwp%2Fv2%2Ftags&post=1098"}],"curies":[{"name":"wp","href":"https:\/\/api.w.org\/{rel}","templated":true}]}}