{"id":1082,"date":"2011-01-07T08:21:04","date_gmt":"2011-01-07T06:21:04","guid":{"rendered":"http:\/\/www.feuerwehrkostheim.de\/?p=1082"},"modified":"2018-06-02T14:07:55","modified_gmt":"2018-06-02T13:07:55","slug":"presse-feuerteufel-stecken-mulltonnen-an-brande-in-kastel-und-kostheim","status":"publish","type":"post","link":"https:\/\/www.feuerwehrkostheim.de\/?p=1082","title":{"rendered":"[Presse]: Feuerteufel stecken M\u00fclltonnen an &#8211; Br\u00e4nde in Kastel und Kostheim"},"content":{"rendered":"<p><img decoding=\"async\" class=\"alignleft\" src=\"..\/..\/wp-content\/bilder\/sonstige\/logo_presse.jpg\" alt=\"\" \/><\/p>\n<p><a href=\"http:\/\/www.allgemeine-zeitung.de\/\" target=\"_blank\"><img loading=\"lazy\" decoding=\"async\" src=\"..\/..\/wp-content\/bilder\/sonstige\/logo_az.gif\" alt=\"\" width=\"130\" height=\"22\" \/><\/a><br \/>\n(AZ) vom 07. Januar 2011<br \/>\n<strong>Von Wolfgang Wenzel<\/strong><\/p>\n<p>Eine Serie von Brandstiftungen, die seit dem vorigen Wochenende viele B\u00fcrger in Atem h\u00e4lt, dauert an. Am Freitag z\u00fcndeten die unbekannten T\u00e4ter im Wohnviertel am K\u00f6nigsflo\u00df an zwei Stellen erneut mehrere Gro\u00dfraum-M\u00fclltonnen an.<\/p>\n<p>Der erste Fall ereignete sich laut Polizeibericht um 1.11 Uhr in der Stra\u00dfe Am K\u00f6nigsflo\u00df, wo ein Abfallbeh\u00e4lter vollst\u00e4ndig zum Raub von Flammen wurde. Knapp zehn Minuten, sp\u00e4ter, um 1.20 Uhr, hatten Feuerwehr und Polizei nur wenige Schritte weiter den n\u00e4chsten Einsatz. Vor der st\u00e4dtischen Kindertagesst\u00e4tte am Eihelw\u00e4ldchen hatten die T\u00e4ter in zwei Gro\u00dfraum-M\u00fcllbeh\u00e4ltern Feuer gelegt.<\/p>\n<p><a href=\"http:\/\/www.allgemeine-zeitung.de\/region\/mainz\/amoeneburg-kostheim-kastel\/9794430.htm\" target=\"_blank\">&#8230; weiter zum ganzen Artikel &#8230;<\/a><\/p>\n","protected":false},"excerpt":{"rendered":"<p>(AZ) vom 07. Januar 2011 Von Wolfgang Wenzel Eine Serie von Brandstiftungen, die seit dem vorigen Wochenende viele B\u00fcrger in Atem h\u00e4lt, dauert an. Am Freitag z\u00fcndeten die unbekannten T\u00e4ter im Wohnviertel am K\u00f6nigsflo\u00df an zwei Stellen erneut mehrere Gro\u00dfraum-M\u00fclltonnen an. Der erste Fall ereignete sich laut Polizeibericht um 1.11 Uhr in der Stra\u00dfe Am [&hellip;]<\/p>\n","protected":false},"author":1,"featured_media":0,"comment_status":"closed","ping_status":"open","sticky":false,"template":"","format":"standard","meta":{"_et_pb_use_builder":"","_et_pb_old_content":"","_et_gb_content_width":"","_crdt_document":"","footnotes":""},"categories":[8],"tags":[400,49,48],"class_list":["post-1082","post","type-post","status-publish","format-standard","hentry","category-pressearchiv","tag-brandstifter","tag-gmt","tag-mulltonnen"],"_links":{"self":[{"href":"https:\/\/www.feuerwehrkostheim.de\/index.php?rest_route=\/wp\/v2\/posts\/1082","targetHints":{"allow":["GET"]}}],"collection":[{"href":"https:\/\/www.feuerwehrkostheim.de\/index.php?rest_route=\/wp\/v2\/posts"}],"about":[{"href":"https:\/\/www.feuerwehrkostheim.de\/index.php?rest_route=\/wp\/v2\/types\/post"}],"author":[{"embeddable":true,"href":"https:\/\/www.feuerwehrkostheim.de\/index.php?rest_route=\/wp\/v2\/users\/1"}],"replies":[{"embeddable":true,"href":"https:\/\/www.feuerwehrkostheim.de\/index.php?rest_route=%2Fwp%2Fv2%2Fcomments&post=1082"}],"version-history":[{"count":0,"href":"https:\/\/www.feuerwehrkostheim.de\/index.php?rest_route=\/wp\/v2\/posts\/1082\/revisions"}],"wp:attachment":[{"href":"https:\/\/www.feuerwehrkostheim.de\/index.php?rest_route=%2Fwp%2Fv2%2Fmedia&parent=1082"}],"wp:term":[{"taxonomy":"category","embeddable":true,"href":"https:\/\/www.feuerwehrkostheim.de\/index.php?rest_route=%2Fwp%2Fv2%2Fcategories&post=1082"},{"taxonomy":"post_tag","embeddable":true,"href":"https:\/\/www.feuerwehrkostheim.de\/index.php?rest_route=%2Fwp%2Fv2%2Ftags&post=1082"}],"curies":[{"name":"wp","href":"https:\/\/api.w.org\/{rel}","templated":true}]}}