{"id":1074,"date":"2011-01-13T20:10:06","date_gmt":"2011-01-13T18:10:06","guid":{"rendered":"http:\/\/www.feuerwehrkostheim.de\/?p=1074"},"modified":"2018-06-02T14:07:54","modified_gmt":"2018-06-02T13:07:54","slug":"wasserwehreinsatz-tag-1-genaue-bestandsaufnahme-am-deich-und-schichtplanerstellung","status":"publish","type":"post","link":"https:\/\/www.feuerwehrkostheim.de\/?p=1074","title":{"rendered":"Wasserwehreinsatz Tag 1 &#8211; Genaue Bestandsaufnahme am Deich und Schichtplanerstellung"},"content":{"rendered":"<p><em><img loading=\"lazy\" decoding=\"async\" class=\"alignleft\" src=\"..\/..\/wp-content\/bilder\/einsatzabteilung\/einsaetze\/110112_hochwasser\/hochwasser1.jpg\" alt=\"\" width=\"105\" height=\"150\" \/><\/em><strong>Mittwoch 12. Januar 2011 <\/strong><em>&#8211;<br \/>\nPegelstand Raunheim bei Alarmierung: 12.1.11 16:26 &#8211; 4.72m<\/em><\/p>\n<p>Bei der ersten internen Einsatzbesprechung wurden vorerst die Deichrundg\u00e4nge bis zum Donnerstagabend eingeteilt. Rund um die Uhr sollte im zweist\u00fcndigen Wechsel, jeweils zwei Kameraden der betroffene Damm zwischen Hochheim und dem Papierwerk begutachtet werden.<\/p>\n<p><!--more--> Da der Pegelstand im Laufe der Nacht nicht so stark anstieg, wie anfangs vermutet, wurde in der offziellen Lagebesprechung bei der Berufsfeuerwehr entschieden, die Deichwache aufrecht zu erhalten, aber in deutlich gr\u00f6\u00dferen Abst\u00e4nden. Mit dem Deichrundgang um 13 Uhr wurde der Zyklus auf acht Stunden verl\u00e4ngert. Bei der zweiten internen Einsatzbesprechnung, wurde die Einteilung bis einschlie\u00dflich Samstag vorgenommen. Nach derzeitigem Stand ist der verl\u00e4ngerte Turnus ausreichend. Sollte jedoch im Verlauf der kommenden Tage die Wasserst\u00e4nde wie prognostiziert weiter und deutlich ansteigen, kann durchaus kurzfristig wieder eine \u00c4nderung des Zeitplanes angeordnet werden.<\/p>\n<p><em>Pegelstand Raunheim 24h nach Alarmierung: 4,97m (Anstieg seit Einsatzbeginn 25cm)<\/em><\/p>\n<ul>\n<li><em><strong>Mainzer-Rhein-Zeitung:<\/strong> <a href=\"http:\/\/www.mainzer-rhein-zeitung.de\/foto_mmid,5468.html\" target=\"_blank\">Main setzt Kostheim unter Wasser (Fotostrecke)<\/a><br \/>\n<\/em><\/li>\n<\/ul>\n","protected":false},"excerpt":{"rendered":"<p>Mittwoch 12. Januar 2011 &#8211; Pegelstand Raunheim bei Alarmierung: 12.1.11 16:26 &#8211; 4.72m Bei der ersten internen Einsatzbesprechung wurden vorerst die Deichrundg\u00e4nge bis zum Donnerstagabend eingeteilt. Rund um die Uhr sollte im zweist\u00fcndigen Wechsel, jeweils zwei Kameraden der betroffene Damm zwischen Hochheim und dem Papierwerk begutachtet werden.<\/p>\n","protected":false},"author":1,"featured_media":0,"comment_status":"closed","ping_status":"open","sticky":false,"template":"","format":"standard","meta":{"_et_pb_use_builder":"","_et_pb_old_content":"","_et_gb_content_width":"","_crdt_document":"","footnotes":""},"categories":[5],"tags":[391,392,393,395,396,394,398,143,399,397],"class_list":["post-1074","post","type-post","status-publish","format-standard","hentry","category-einsatze","tag-damm","tag-deich","tag-deichlauf","tag-deichwache","tag-deichwehr","tag-hochwasser","tag-hochwasserschutz","tag-main","tag-maindamm","tag-wasserwehr"],"_links":{"self":[{"href":"https:\/\/www.feuerwehrkostheim.de\/index.php?rest_route=\/wp\/v2\/posts\/1074","targetHints":{"allow":["GET"]}}],"collection":[{"href":"https:\/\/www.feuerwehrkostheim.de\/index.php?rest_route=\/wp\/v2\/posts"}],"about":[{"href":"https:\/\/www.feuerwehrkostheim.de\/index.php?rest_route=\/wp\/v2\/types\/post"}],"author":[{"embeddable":true,"href":"https:\/\/www.feuerwehrkostheim.de\/index.php?rest_route=\/wp\/v2\/users\/1"}],"replies":[{"embeddable":true,"href":"https:\/\/www.feuerwehrkostheim.de\/index.php?rest_route=%2Fwp%2Fv2%2Fcomments&post=1074"}],"version-history":[{"count":0,"href":"https:\/\/www.feuerwehrkostheim.de\/index.php?rest_route=\/wp\/v2\/posts\/1074\/revisions"}],"wp:attachment":[{"href":"https:\/\/www.feuerwehrkostheim.de\/index.php?rest_route=%2Fwp%2Fv2%2Fmedia&parent=1074"}],"wp:term":[{"taxonomy":"category","embeddable":true,"href":"https:\/\/www.feuerwehrkostheim.de\/index.php?rest_route=%2Fwp%2Fv2%2Fcategories&post=1074"},{"taxonomy":"post_tag","embeddable":true,"href":"https:\/\/www.feuerwehrkostheim.de\/index.php?rest_route=%2Fwp%2Fv2%2Ftags&post=1074"}],"curies":[{"name":"wp","href":"https:\/\/api.w.org\/{rel}","templated":true}]}}