{"id":1072,"date":"2011-01-14T14:52:43","date_gmt":"2011-01-14T12:52:43","guid":{"rendered":"http:\/\/www.feuerwehrkostheim.de\/?p=1072"},"modified":"2018-06-02T14:07:54","modified_gmt":"2018-06-02T13:07:54","slug":"zwischenbericht-deicheinsatz-tag-2-main-stagniert-weitere-rheinwelle-kommt","status":"publish","type":"post","link":"https:\/\/www.feuerwehrkostheim.de\/?p=1072","title":{"rendered":"Zwischenbericht Deicheinsatz Tag 2 &#8211; Main stagniert, weitere Rheinwelle kommt"},"content":{"rendered":"<p><em><img loading=\"lazy\" decoding=\"async\" class=\"alignleft\" src=\"..\/..\/wp-content\/bilder\/einsatzabteilung\/einsaetze\/110112_hochwasser\/hochwasser1.jpg\" alt=\"\" width=\"105\" height=\"150\" \/><\/em><strong>Donnerstag 13. Januar 2011<\/strong> &#8211; Nach der nunmehr zweiten Einsatznacht ergaben die Rundg\u00e4nge auf den Kostheimer Deichanlagen keine gef\u00e4hrdungstechnischen Ver\u00e4nderungen. Einzig ein etwas gr\u00f6\u00dferer Hasenbau, der sich vermutlich bis tief in die Deichsubstanz erstreckt, steht derzeit unter genauerer Beobachtung. Ansonsten konnten entlang des Dammverlaufs keine Auff\u00e4lligkeiten festgestellt werden. Mittlerweile erreichte der Scheitel des Mainhochwassers den Pegel Raunheim, wodurch der Wasserstand momentan im Bereich knapp unter 5 Meter stagniert. Seitens des Mainoberlaufes wird in den kommenden Stunden mit sinkenden Wasserst\u00e4nden gerechnet.<\/p>\n<p><!--more-->Ganz anders sieht es am Rhein aus. Nach Informationen aus diversen Hochwasser\u00fcbersichtsseiten, bildet sich derzeit eine weitere Hochwasserwelle am Oberlauf des Rheins. Die 6 Meter-Marke wurde am Vormittag in Mainz \u00fcberschritten. Der Scheitel dieser erneuten Welle wird am Mainzer Pegel momentan f\u00fcr die Nacht von Samstag auf Sonntag erwartet. Aus jetzigen Absch\u00e4tzungen heraus, wird ein weiterer Anstieg des Rheins in H\u00f6he Mainz um etwa 60-80 cm wahrscheinlich. Sollte dies eintreten, werden gro\u00dfe Teile der Maaraue nicht mehr befahrbar sein. Welche Auswirkungen auf die Deichanlagen zu erwarten sind, kann noch nicht abgesch\u00e4tzt werden.<\/p>\n<p><strong>Betreten des Damms ist gef\u00e4hrlich<\/strong><br \/>\nAn dieser Stelle sei auch der Hinweis gegeben, dass das Betreten des Maindamms nicht ganz ungef\u00e4hrlich ist. Durch die Schneeschmelze und den nachfolgenden Regen sind gerade die Deichseiten sehr aufgeweicht. Speziell im Bereich des neu angelegten K\u00e4sbachflu\u00dfbetts besteht die Gefahr, im frisch aufgef\u00fcllten Erdreich stecken zu bleiben. Ein Kamerad der Kostheimer Wehr versank bis weit \u00fcber die Kn\u00f6chel bei der Deichkontrolle und konnte nur mit vereinten Kr\u00e4ften wieder herausgezogen werden.<\/p>\n","protected":false},"excerpt":{"rendered":"<p>Donnerstag 13. Januar 2011 &#8211; Nach der nunmehr zweiten Einsatznacht ergaben die Rundg\u00e4nge auf den Kostheimer Deichanlagen keine gef\u00e4hrdungstechnischen Ver\u00e4nderungen. Einzig ein etwas gr\u00f6\u00dferer Hasenbau, der sich vermutlich bis tief in die Deichsubstanz erstreckt, steht derzeit unter genauerer Beobachtung. Ansonsten konnten entlang des Dammverlaufs keine Auff\u00e4lligkeiten festgestellt werden. Mittlerweile erreichte der Scheitel des Mainhochwassers den [&hellip;]<\/p>\n","protected":false},"author":1,"featured_media":0,"comment_status":"closed","ping_status":"open","sticky":false,"template":"","format":"standard","meta":{"_et_pb_use_builder":"","_et_pb_old_content":"","_et_gb_content_width":"","_crdt_document":"","footnotes":""},"categories":[5],"tags":[391,392,393,395,396,394,398,143,399,397],"class_list":["post-1072","post","type-post","status-publish","format-standard","hentry","category-einsatze","tag-damm","tag-deich","tag-deichlauf","tag-deichwache","tag-deichwehr","tag-hochwasser","tag-hochwasserschutz","tag-main","tag-maindamm","tag-wasserwehr"],"_links":{"self":[{"href":"https:\/\/www.feuerwehrkostheim.de\/index.php?rest_route=\/wp\/v2\/posts\/1072","targetHints":{"allow":["GET"]}}],"collection":[{"href":"https:\/\/www.feuerwehrkostheim.de\/index.php?rest_route=\/wp\/v2\/posts"}],"about":[{"href":"https:\/\/www.feuerwehrkostheim.de\/index.php?rest_route=\/wp\/v2\/types\/post"}],"author":[{"embeddable":true,"href":"https:\/\/www.feuerwehrkostheim.de\/index.php?rest_route=\/wp\/v2\/users\/1"}],"replies":[{"embeddable":true,"href":"https:\/\/www.feuerwehrkostheim.de\/index.php?rest_route=%2Fwp%2Fv2%2Fcomments&post=1072"}],"version-history":[{"count":0,"href":"https:\/\/www.feuerwehrkostheim.de\/index.php?rest_route=\/wp\/v2\/posts\/1072\/revisions"}],"wp:attachment":[{"href":"https:\/\/www.feuerwehrkostheim.de\/index.php?rest_route=%2Fwp%2Fv2%2Fmedia&parent=1072"}],"wp:term":[{"taxonomy":"category","embeddable":true,"href":"https:\/\/www.feuerwehrkostheim.de\/index.php?rest_route=%2Fwp%2Fv2%2Fcategories&post=1072"},{"taxonomy":"post_tag","embeddable":true,"href":"https:\/\/www.feuerwehrkostheim.de\/index.php?rest_route=%2Fwp%2Fv2%2Ftags&post=1072"}],"curies":[{"name":"wp","href":"https:\/\/api.w.org\/{rel}","templated":true}]}}