{"id":1070,"date":"2011-01-14T17:46:23","date_gmt":"2011-01-14T15:46:23","guid":{"rendered":"http:\/\/www.feuerwehrkostheim.de\/?p=1070"},"modified":"2018-06-02T14:07:54","modified_gmt":"2018-06-02T13:07:54","slug":"presse-keine-schaden-am-maindamm","status":"publish","type":"post","link":"https:\/\/www.feuerwehrkostheim.de\/?p=1070","title":{"rendered":"[Presse]: Keine Sch\u00e4den am Maindamm"},"content":{"rendered":"<p><img decoding=\"async\" class=\"alignleft\" src=\"..\/..\/wp-content\/bilder\/sonstige\/logo_presse.jpg\" alt=\"\" \/><\/p>\n<p><a href=\"http:\/\/www.allgemeine-zeitung.de\/\" target=\"_blank\"><img loading=\"lazy\" decoding=\"async\" src=\"..\/..\/wp-content\/bilder\/sonstige\/logo_az.gif\" alt=\"\" width=\"130\" height=\"22\" \/><\/a><br \/>\n(AZ) vom 14. Januar 2011<br \/>\n<strong>Von Wolfgang Wenzel<\/strong><\/p>\n<p><strong>DEICHL\u00c4UFER &#8211; In Kostheim sichtet die Feuerwehr dreimal am Tag die Hochwasserlage auf den Mainwiesen<\/strong><\/p>\n<p>Keine Sch\u00e4den hat das Hochwasser auf dem Main an den D\u00e4mmen vor Kostheim angerichtet. \u201eMan soll nichts herunterreden, doch die Lage h\u00e4lt sich in Grenzen\u201c, fasste Wehrf\u00fchrer Thomas Stein die Situation auf dem drei Kilometer langen Abschnitt zusammen. Deichwachen der Freiwilligen Feuerwehr laufen seit Mittwoch Patrouille, um Leckstellen aufzusp\u00fcren. Am ersten Tag rund um die Uhr mit sieben Mann, seit gestern dreimal am Tag mit zwei Personen. Die Berufsfeuerwehr geht davon aus, dass das Schlimmste \u00fcberstanden ist. \u201eWir haben Gl\u00fcck gehabt\u201c, sagte Karl-Heinz Hartenfels vom Lagedienst. Die Kostheimer Mainwiesen stehen unter Wasser, doch bis zur Deichkrone waren gestern noch mindestens zweieinhalb Meter Platz. Der Scheitelpunkt der Hochwasserwelle lag gestern Nachmittag beim Pegel Raunheim, an dessen Messergebnissen die Berufsfeuerwehr ihr Handeln im S\u00fcdosten der Stadt ausrichtet.<\/p>\n<p><a href=\"http:\/\/www.allgemeine-zeitung.de\/region\/mainz\/amoeneburg-kostheim-kastel\/9871008.htm\" target=\"_blank\">&#8230; weiter zum ganzen Artikel &#8230;<\/a><\/p>\n","protected":false},"excerpt":{"rendered":"<p>(AZ) vom 14. Januar 2011 Von Wolfgang Wenzel DEICHL\u00c4UFER &#8211; In Kostheim sichtet die Feuerwehr dreimal am Tag die Hochwasserlage auf den Mainwiesen Keine Sch\u00e4den hat das Hochwasser auf dem Main an den D\u00e4mmen vor Kostheim angerichtet. \u201eMan soll nichts herunterreden, doch die Lage h\u00e4lt sich in Grenzen\u201c, fasste Wehrf\u00fchrer Thomas Stein die Situation auf [&hellip;]<\/p>\n","protected":false},"author":1,"featured_media":0,"comment_status":"closed","ping_status":"open","sticky":false,"template":"","format":"standard","meta":{"_et_pb_use_builder":"","_et_pb_old_content":"","_et_gb_content_width":"","_crdt_document":"","footnotes":""},"categories":[8],"tags":[391,392,393,395,396,394,398,143,399,397],"class_list":["post-1070","post","type-post","status-publish","format-standard","hentry","category-pressearchiv","tag-damm","tag-deich","tag-deichlauf","tag-deichwache","tag-deichwehr","tag-hochwasser","tag-hochwasserschutz","tag-main","tag-maindamm","tag-wasserwehr"],"_links":{"self":[{"href":"https:\/\/www.feuerwehrkostheim.de\/index.php?rest_route=\/wp\/v2\/posts\/1070","targetHints":{"allow":["GET"]}}],"collection":[{"href":"https:\/\/www.feuerwehrkostheim.de\/index.php?rest_route=\/wp\/v2\/posts"}],"about":[{"href":"https:\/\/www.feuerwehrkostheim.de\/index.php?rest_route=\/wp\/v2\/types\/post"}],"author":[{"embeddable":true,"href":"https:\/\/www.feuerwehrkostheim.de\/index.php?rest_route=\/wp\/v2\/users\/1"}],"replies":[{"embeddable":true,"href":"https:\/\/www.feuerwehrkostheim.de\/index.php?rest_route=%2Fwp%2Fv2%2Fcomments&post=1070"}],"version-history":[{"count":0,"href":"https:\/\/www.feuerwehrkostheim.de\/index.php?rest_route=\/wp\/v2\/posts\/1070\/revisions"}],"wp:attachment":[{"href":"https:\/\/www.feuerwehrkostheim.de\/index.php?rest_route=%2Fwp%2Fv2%2Fmedia&parent=1070"}],"wp:term":[{"taxonomy":"category","embeddable":true,"href":"https:\/\/www.feuerwehrkostheim.de\/index.php?rest_route=%2Fwp%2Fv2%2Fcategories&post=1070"},{"taxonomy":"post_tag","embeddable":true,"href":"https:\/\/www.feuerwehrkostheim.de\/index.php?rest_route=%2Fwp%2Fv2%2Ftags&post=1070"}],"curies":[{"name":"wp","href":"https:\/\/api.w.org\/{rel}","templated":true}]}}