{"id":1067,"date":"2011-01-15T07:53:36","date_gmt":"2011-01-15T05:53:36","guid":{"rendered":"http:\/\/www.feuerwehrkostheim.de\/?p=1067"},"modified":"2018-06-02T14:07:54","modified_gmt":"2018-06-02T13:07:54","slug":"presse-wasserkraftwerk-geht-vom-netz","status":"publish","type":"post","link":"https:\/\/www.feuerwehrkostheim.de\/?p=1067","title":{"rendered":"[Presse]: Wasserkraftwerk geht vom Netz"},"content":{"rendered":"<p><img decoding=\"async\" class=\"alignleft\" src=\"..\/..\/wp-content\/bilder\/sonstige\/logo_presse.jpg\" alt=\"\" \/><\/p>\n<p><a href=\"http:\/\/www.allgemeine-zeitung.de\/\" target=\"_blank\"><img loading=\"lazy\" decoding=\"async\" src=\"..\/..\/wp-content\/bilder\/sonstige\/logo_az.gif\" alt=\"\" width=\"130\" height=\"22\" \/><\/a><br \/>\n(AZ) vom 15. Januar 2011<br \/>\n<strong>Von Wolfgang Wenzel<\/strong><\/p>\n<p><strong>MAIN-HOCHWASSER Zum Antrieb der Turbinen in der Kostheimer Schleuse fehlt der n\u00f6tige Druck<\/strong><\/p>\n<p>Eingestellt hat das Wasserkraftwerk in der Kostheimer Schleuse seinen Betrieb wegen des Hochwassers auf dem Main. Zwischen Ober- und Unterwasser ist die Fallh\u00f6he so gering, dass kaum noch Kraft vorhanden ist, um die Turbinen anzutreiben. Teilweise sei das Unterwasser h\u00f6her als der Stauwasserstand gewesen, sagte der Gesch\u00e4ftsf\u00fchrer der Betreibergesellschaft WKW-Staustufe Kostheim, Peter Schmidberger. Daher ruhe die Erzeugung von elektrischem Strom schon seit der vorigen Woche.<\/p>\n<p><a href=\"http:\/\/www.allgemeine-zeitung.de\/region\/mainz\/amoeneburg-kostheim-kastel\/9875178.htm\" target=\"_blank\">&#8230; weiter zum ganzen Artikel &#8230;<\/a><\/p>\n","protected":false},"excerpt":{"rendered":"<p>(AZ) vom 15. Januar 2011 Von Wolfgang Wenzel MAIN-HOCHWASSER Zum Antrieb der Turbinen in der Kostheimer Schleuse fehlt der n\u00f6tige Druck Eingestellt hat das Wasserkraftwerk in der Kostheimer Schleuse seinen Betrieb wegen des Hochwassers auf dem Main. Zwischen Ober- und Unterwasser ist die Fallh\u00f6he so gering, dass kaum noch Kraft vorhanden ist, um die Turbinen [&hellip;]<\/p>\n","protected":false},"author":1,"featured_media":0,"comment_status":"closed","ping_status":"open","sticky":false,"template":"","format":"standard","meta":{"_et_pb_use_builder":"","_et_pb_old_content":"","_et_gb_content_width":"","_crdt_document":"","footnotes":""},"categories":[8],"tags":[391,392,393,395,396,394,398,143,399,397],"class_list":["post-1067","post","type-post","status-publish","format-standard","hentry","category-pressearchiv","tag-damm","tag-deich","tag-deichlauf","tag-deichwache","tag-deichwehr","tag-hochwasser","tag-hochwasserschutz","tag-main","tag-maindamm","tag-wasserwehr"],"_links":{"self":[{"href":"https:\/\/www.feuerwehrkostheim.de\/index.php?rest_route=\/wp\/v2\/posts\/1067","targetHints":{"allow":["GET"]}}],"collection":[{"href":"https:\/\/www.feuerwehrkostheim.de\/index.php?rest_route=\/wp\/v2\/posts"}],"about":[{"href":"https:\/\/www.feuerwehrkostheim.de\/index.php?rest_route=\/wp\/v2\/types\/post"}],"author":[{"embeddable":true,"href":"https:\/\/www.feuerwehrkostheim.de\/index.php?rest_route=\/wp\/v2\/users\/1"}],"replies":[{"embeddable":true,"href":"https:\/\/www.feuerwehrkostheim.de\/index.php?rest_route=%2Fwp%2Fv2%2Fcomments&post=1067"}],"version-history":[{"count":0,"href":"https:\/\/www.feuerwehrkostheim.de\/index.php?rest_route=\/wp\/v2\/posts\/1067\/revisions"}],"wp:attachment":[{"href":"https:\/\/www.feuerwehrkostheim.de\/index.php?rest_route=%2Fwp%2Fv2%2Fmedia&parent=1067"}],"wp:term":[{"taxonomy":"category","embeddable":true,"href":"https:\/\/www.feuerwehrkostheim.de\/index.php?rest_route=%2Fwp%2Fv2%2Fcategories&post=1067"},{"taxonomy":"post_tag","embeddable":true,"href":"https:\/\/www.feuerwehrkostheim.de\/index.php?rest_route=%2Fwp%2Fv2%2Ftags&post=1067"}],"curies":[{"name":"wp","href":"https:\/\/api.w.org\/{rel}","templated":true}]}}