{"id":1052,"date":"2011-01-18T20:26:16","date_gmt":"2011-01-18T18:26:16","guid":{"rendered":"http:\/\/www.feuerwehrkostheim.de\/?p=1052"},"modified":"2018-06-02T14:07:53","modified_gmt":"2018-06-02T13:07:53","slug":"presse-brandstifter-weiter-am-werk","status":"publish","type":"post","link":"https:\/\/www.feuerwehrkostheim.de\/?p=1052","title":{"rendered":"[Presse]: Brandstifter weiter am Werk"},"content":{"rendered":"<p><img decoding=\"async\" class=\"alignleft\" src=\"..\/..\/wp-content\/bilder\/sonstige\/logo_presse.jpg\" alt=\"\" \/><\/p>\n<p><a href=\"http:\/\/www.allgemeine-zeitung.de\/\" target=\"_blank\"><img loading=\"lazy\" decoding=\"async\" src=\"..\/..\/wp-content\/bilder\/sonstige\/logo_az.gif\" alt=\"\" width=\"130\" height=\"22\" \/><\/a><br \/>\n(AZ) vom 18. Januar 2011<br \/>\n<strong>Von Wolfgang Wenzel<\/strong><\/p>\n<p>(zel). Die Serie von Brandstiftungen, bei denen unbekannte T\u00e4ter Abfalltonnen anz\u00fcnden, rei\u00dft offenbar nicht ab. Laut Polizeibericht steckten sie am Sonntagabend um 22.55 Uhr in der Salzburger Stra\u00dfe eine Gro\u00dfraum-Altpapiertonne an. Das Feuer habe fr\u00fchzeitig gel\u00f6scht werden k\u00f6nnen, sodass kein Sachschaden entstanden sei, hei\u00dft es im Tagesbericht des Pr\u00e4sidiums.<\/p>\n<p><a href=\"http:\/\/www.allgemeine-zeitung.de\/region\/mainz\/amoeneburg-kostheim-kastel\/9885133.htm\" target=\"_blank\">&#8230; weiter zum ganzen Artikel &#8230;<\/a><\/p>\n","protected":false},"excerpt":{"rendered":"<p>(AZ) vom 18. Januar 2011 Von Wolfgang Wenzel (zel). Die Serie von Brandstiftungen, bei denen unbekannte T\u00e4ter Abfalltonnen anz\u00fcnden, rei\u00dft offenbar nicht ab. Laut Polizeibericht steckten sie am Sonntagabend um 22.55 Uhr in der Salzburger Stra\u00dfe eine Gro\u00dfraum-Altpapiertonne an. Das Feuer habe fr\u00fchzeitig gel\u00f6scht werden k\u00f6nnen, sodass kein Sachschaden entstanden sei, hei\u00dft es im Tagesbericht [&hellip;]<\/p>\n","protected":false},"author":1,"featured_media":0,"comment_status":"closed","ping_status":"open","sticky":false,"template":"","format":"standard","meta":{"_et_pb_use_builder":"","_et_pb_old_content":"","_et_gb_content_width":"","_crdt_document":"","footnotes":""},"categories":[8],"tags":[400,49,48],"class_list":["post-1052","post","type-post","status-publish","format-standard","hentry","category-pressearchiv","tag-brandstifter","tag-gmt","tag-mulltonnen"],"_links":{"self":[{"href":"https:\/\/www.feuerwehrkostheim.de\/index.php?rest_route=\/wp\/v2\/posts\/1052","targetHints":{"allow":["GET"]}}],"collection":[{"href":"https:\/\/www.feuerwehrkostheim.de\/index.php?rest_route=\/wp\/v2\/posts"}],"about":[{"href":"https:\/\/www.feuerwehrkostheim.de\/index.php?rest_route=\/wp\/v2\/types\/post"}],"author":[{"embeddable":true,"href":"https:\/\/www.feuerwehrkostheim.de\/index.php?rest_route=\/wp\/v2\/users\/1"}],"replies":[{"embeddable":true,"href":"https:\/\/www.feuerwehrkostheim.de\/index.php?rest_route=%2Fwp%2Fv2%2Fcomments&post=1052"}],"version-history":[{"count":0,"href":"https:\/\/www.feuerwehrkostheim.de\/index.php?rest_route=\/wp\/v2\/posts\/1052\/revisions"}],"wp:attachment":[{"href":"https:\/\/www.feuerwehrkostheim.de\/index.php?rest_route=%2Fwp%2Fv2%2Fmedia&parent=1052"}],"wp:term":[{"taxonomy":"category","embeddable":true,"href":"https:\/\/www.feuerwehrkostheim.de\/index.php?rest_route=%2Fwp%2Fv2%2Fcategories&post=1052"},{"taxonomy":"post_tag","embeddable":true,"href":"https:\/\/www.feuerwehrkostheim.de\/index.php?rest_route=%2Fwp%2Fv2%2Ftags&post=1052"}],"curies":[{"name":"wp","href":"https:\/\/api.w.org\/{rel}","templated":true}]}}